{"id":982,"date":"2017-04-19T19:16:04","date_gmt":"2017-04-20T00:16:04","guid":{"rendered":"https:\/\/ifbcertus.edu.pe\/blog\/?p=982"},"modified":"2022-10-20T15:35:57","modified_gmt":"2022-10-20T20:35:57","slug":"entrevista-design-thinking-en-certus-con-renzo-boggio","status":"publish","type":"post","link":"https:\/\/www.certus.edu.pe\/blog\/entrevista-design-thinking-en-certus-con-renzo-boggio\/","title":{"rendered":"Entrevista: Design Thinking en CERTUS con Renzo Boggio"},"content":{"rendered":"<p>Renzo Boggio Subgerente de Innovaci\u00f3n y Desarrollo Acad\u00e9mico nos cuenta sobre la aplicaci\u00f3n de la metodolog\u00eda Design Thinking como parte de nuestra propuesta educativa CERTUS en una entrevista de Radio San Borja.<\/p>\n<blockquote><p>En CERTUS tenemos una promesa que es &#8220;Una nueva vida te espera&#8221;<\/p><\/blockquote>\n<p><strong>Es importante resaltar que una innovaci\u00f3n destacable en nuestra propuesta educativa se centra en la l\u00ednea de emprendimiento con el uso de herramientas modernas, \u00e1giles y flexibles (como lo son las de Design Thinking y la Generaci\u00f3n de Modelos de Negocios con el uso del Lienzo Canvas). <\/strong><\/p>\n<p><strong>Dato:<\/strong> En CERTUS nuestra propuesta educativa cuenta con cinco l\u00edneas acad\u00e9micas en todos los programas acad\u00e9micos: la formaci\u00f3n t\u00e9cnica propiamente dicha, el desarrollo de la capacidad para resolver problemas y tomar buenas decisiones, las capacidades para emprender su propio negocio o aplicarlas en su centro laboral, habilidades para usar las tecnolog\u00edas de la informaci\u00f3n y la comunicaci\u00f3n y las competencias para la empleabilidad.<\/p>\n","protected":false},"excerpt":{"rendered":"<p>Renzo Boggio Subgerente de Innovaci\u00f3n y Desarrollo Acad\u00e9mico nos cuenta sobre la aplicaci\u00f3n de la metodolog\u00eda Design Thinking como parte de nuestra propuesta educativa CERTUS en una entrevista de Radio San Borja. En CERTUS tenemos [&hellip;]<\/p>\n","protected":false},"author":1,"featured_media":2012,"comment_status":"closed","ping_status":"open","sticky":false,"template":"","format":"standard","meta":{"_acf_changed":false,"rank_math_lock_modified_date":false,"footnotes":""},"categories":[136],"tags":[],"class_list":["post-982","post","type-post","status-publish","format-standard","has-post-thumbnail","hentry","category-noticertus"],"acf":[],"_links":{"self":[{"href":"https:\/\/www.certus.edu.pe\/blog\/wp-json\/wp\/v2\/posts\/982"}],"collection":[{"href":"https:\/\/www.certus.edu.pe\/blog\/wp-json\/wp\/v2\/posts"}],"about":[{"href":"https:\/\/www.certus.edu.pe\/blog\/wp-json\/wp\/v2\/types\/post"}],"author":[{"embeddable":true,"href":"https:\/\/www.certus.edu.pe\/blog\/wp-json\/wp\/v2\/users\/1"}],"replies":[{"embeddable":true,"href":"https:\/\/www.certus.edu.pe\/blog\/wp-json\/wp\/v2\/comments?post=982"}],"version-history":[{"count":0,"href":"https:\/\/www.certus.edu.pe\/blog\/wp-json\/wp\/v2\/posts\/982\/revisions"}],"wp:featuredmedia":[{"embeddable":true,"href":"https:\/\/www.certus.edu.pe\/blog\/wp-json\/wp\/v2\/media\/2012"}],"wp:attachment":[{"href":"https:\/\/www.certus.edu.pe\/blog\/wp-json\/wp\/v2\/media?parent=982"}],"wp:term":[{"taxonomy":"category","embeddable":true,"href":"https:\/\/www.certus.edu.pe\/blog\/wp-json\/wp\/v2\/categories?post=982"},{"taxonomy":"post_tag","embeddable":true,"href":"https:\/\/www.certus.edu.pe\/blog\/wp-json\/wp\/v2\/tags?post=982"}],"curies":[{"name":"wp","href":"https:\/\/api.w.org\/{rel}","templated":true}]}}