{"id":866,"date":"2017-03-31T15:07:57","date_gmt":"2017-03-31T20:07:57","guid":{"rendered":"https:\/\/ifbcertus.edu.pe\/blog\/?p=866"},"modified":"2019-03-25T21:45:37","modified_gmt":"2019-03-25T21:45:37","slug":"bienvenida-a-los-ingresantes-2017-1","status":"publish","type":"post","link":"https:\/\/www.certus.edu.pe\/blog\/bienvenida-a-los-ingresantes-2017-1\/","title":{"rendered":"BIENVENIDOS INGRESANTES 2017-1"},"content":{"rendered":"<p>\u00a1Ya iniciamos las clases del semestre 2017 I en todas nuestras sedes a nivel nacional!<\/p>\n<p>El 27 de marzo la mayor\u00eda de sedes inici\u00f3 clases, excepto la sede Ate que comenz\u00f3 el 03 de abril, debido a las condiciones clim\u00e1ticas que vienen afectando a nuestro pa\u00eds. Como lo venimos haciendo hace algunos a\u00f1os, el primer d\u00eda fue una gran experiencia para todos nuestros ingresantes.<\/p>\n<p>Nuestros estudiantes disfrutaron de un momento divertido. En primer lugar, fueron recibidos por nuestras autoridades en la puerta de cada sede, as\u00ed como por sus docentes en la entrada a su sal\u00f3n. Dentro del aula, se transmiti\u00f3 el programa CERTUS TV \u201cLa Bienvenida\u201d y recibieron la visita de los CERTUS PATA, quienes compartieron su experiencia en el instituto.<\/p>\n<p>Este a\u00f1o se cambi\u00f3 la din\u00e1mica trabajada en las aulas y se realiz\u00f3 una activaci\u00f3n impro en d\u00f3nde se\u00a0premiaba al estudiante m\u00e1s participativo con S\/ 20 de consumo en cafeter\u00eda.<\/p>\n<p>En redes sociales lanzamos un concurso, en donde sorteamos vales de S\/ 100 de consumo en Chili\u2019s, para todos los que subieran una fotograf\u00eda de su primer d\u00eda con el hashtag <em>#vivecertus2017.<\/em><\/p>\n<p>A\u00f1o a a\u00f1o, nuestra meta es hacer del primer d\u00eda de clases una experiencia memorable.<\/p>\n","protected":false},"excerpt":{"rendered":"<p>\u00a1Ya iniciamos las clases del semestre 2017 I en todas nuestras sedes a nivel nacional! El 27 de marzo la mayor\u00eda de sedes inici\u00f3 clases, excepto la sede Ate que comenz\u00f3 el 03 de abril, [&hellip;]<\/p>\n","protected":false},"author":1,"featured_media":1987,"comment_status":"closed","ping_status":"open","sticky":false,"template":"","format":"standard","meta":{"_acf_changed":false,"rank_math_lock_modified_date":false,"footnotes":""},"categories":[136],"tags":[],"class_list":["post-866","post","type-post","status-publish","format-standard","has-post-thumbnail","hentry","category-noticertus"],"acf":[],"_links":{"self":[{"href":"https:\/\/www.certus.edu.pe\/blog\/wp-json\/wp\/v2\/posts\/866"}],"collection":[{"href":"https:\/\/www.certus.edu.pe\/blog\/wp-json\/wp\/v2\/posts"}],"about":[{"href":"https:\/\/www.certus.edu.pe\/blog\/wp-json\/wp\/v2\/types\/post"}],"author":[{"embeddable":true,"href":"https:\/\/www.certus.edu.pe\/blog\/wp-json\/wp\/v2\/users\/1"}],"replies":[{"embeddable":true,"href":"https:\/\/www.certus.edu.pe\/blog\/wp-json\/wp\/v2\/comments?post=866"}],"version-history":[{"count":0,"href":"https:\/\/www.certus.edu.pe\/blog\/wp-json\/wp\/v2\/posts\/866\/revisions"}],"wp:featuredmedia":[{"embeddable":true,"href":"https:\/\/www.certus.edu.pe\/blog\/wp-json\/wp\/v2\/media\/1987"}],"wp:attachment":[{"href":"https:\/\/www.certus.edu.pe\/blog\/wp-json\/wp\/v2\/media?parent=866"}],"wp:term":[{"taxonomy":"category","embeddable":true,"href":"https:\/\/www.certus.edu.pe\/blog\/wp-json\/wp\/v2\/categories?post=866"},{"taxonomy":"post_tag","embeddable":true,"href":"https:\/\/www.certus.edu.pe\/blog\/wp-json\/wp\/v2\/tags?post=866"}],"curies":[{"name":"wp","href":"https:\/\/api.w.org\/{rel}","templated":true}]}}