{"id":803,"date":"2017-03-08T14:08:54","date_gmt":"2017-03-08T19:08:54","guid":{"rendered":"https:\/\/www.ifbcertus.edu.pe\/blog\/?p=803"},"modified":"2022-10-20T18:59:36","modified_gmt":"2022-10-20T23:59:36","slug":"premiamos-a-los-mejores-en-la-gestion-de-la-retencion-y-cobranzas-a-nivel-nacional","status":"publish","type":"post","link":"https:\/\/www.certus.edu.pe\/blog\/premiamos-a-los-mejores-en-la-gestion-de-la-retencion-y-cobranzas-a-nivel-nacional\/","title":{"rendered":"Premiamos a los mejores en la Gesti\u00f3n de la Retenci\u00f3n y Cobranzas a nivel nacional"},"content":{"rendered":"<p>Cuando nos trazamos una meta \u00a1la cumplimos y la superamos! El a\u00f1o pasado nos propusimos mejorar nuestros indicadores de retenci\u00f3n y cobranzas y, con orgullo, podemos afirmar que superamos la meta.<\/p>\n<p>Se pudo conseguir este logro gracias a que todos los ejecutivos acad\u00e9micos y psic\u00f3logos de las sedes gestionaron exitosamente sus carteras de estudiantes. Ellos tienen la responsabilidad de comunicarse con los alumnos de su grupo si faltan tres veces.<\/p>\n<p>A mediados de febrero se llev\u00f3 a cabo la premiaci\u00f3n a los mejores ejecutivos y psic\u00f3logos en retenci\u00f3n.<\/p>\n<p>La premiaci\u00f3n estuvo encabezada por In\u00e9s Althaus, nuestra gerente general, quien estuvo acompa\u00f1ada por Luis Soto, Gerente de Operaciones y Desarrollo, y Tatiana Tuesta, Gerente Comercial.<\/p>\n","protected":false},"excerpt":{"rendered":"<p>Cuando nos trazamos una meta \u00a1la cumplimos y la superamos! El a\u00f1o pasado nos propusimos mejorar nuestros indicadores de retenci\u00f3n y cobranzas y, con orgullo, podemos afirmar que superamos la meta. Se pudo conseguir este [&hellip;]<\/p>\n","protected":false},"author":1,"featured_media":1974,"comment_status":"closed","ping_status":"open","sticky":false,"template":"","format":"standard","meta":{"_acf_changed":false,"rank_math_lock_modified_date":false,"footnotes":""},"categories":[136],"tags":[6,110,111,112],"class_list":["post-803","post","type-post","status-publish","format-standard","has-post-thumbnail","hentry","category-noticertus","tag-certus","tag-meta","tag-retencion","tag-sedes"],"acf":[],"_links":{"self":[{"href":"https:\/\/www.certus.edu.pe\/blog\/wp-json\/wp\/v2\/posts\/803"}],"collection":[{"href":"https:\/\/www.certus.edu.pe\/blog\/wp-json\/wp\/v2\/posts"}],"about":[{"href":"https:\/\/www.certus.edu.pe\/blog\/wp-json\/wp\/v2\/types\/post"}],"author":[{"embeddable":true,"href":"https:\/\/www.certus.edu.pe\/blog\/wp-json\/wp\/v2\/users\/1"}],"replies":[{"embeddable":true,"href":"https:\/\/www.certus.edu.pe\/blog\/wp-json\/wp\/v2\/comments?post=803"}],"version-history":[{"count":0,"href":"https:\/\/www.certus.edu.pe\/blog\/wp-json\/wp\/v2\/posts\/803\/revisions"}],"wp:featuredmedia":[{"embeddable":true,"href":"https:\/\/www.certus.edu.pe\/blog\/wp-json\/wp\/v2\/media\/1974"}],"wp:attachment":[{"href":"https:\/\/www.certus.edu.pe\/blog\/wp-json\/wp\/v2\/media?parent=803"}],"wp:term":[{"taxonomy":"category","embeddable":true,"href":"https:\/\/www.certus.edu.pe\/blog\/wp-json\/wp\/v2\/categories?post=803"},{"taxonomy":"post_tag","embeddable":true,"href":"https:\/\/www.certus.edu.pe\/blog\/wp-json\/wp\/v2\/tags?post=803"}],"curies":[{"name":"wp","href":"https:\/\/api.w.org\/{rel}","templated":true}]}}