{"id":727,"date":"2017-02-16T12:32:31","date_gmt":"2017-02-16T17:32:31","guid":{"rendered":"https:\/\/www.ifbcertus.edu.pe\/blog\/?p=727"},"modified":"2019-03-25T21:48:20","modified_gmt":"2019-03-25T21:48:20","slug":"comenzamos-las-visitas-a-sedes","status":"publish","type":"post","link":"https:\/\/www.certus.edu.pe\/blog\/comenzamos-las-visitas-a-sedes\/","title":{"rendered":"Campa\u00f1a Invol\u00facrate \u00a1Asume el reto!"},"content":{"rendered":"<p>En CERTUS tenemos la misi\u00f3n de formar personas que logren sus proyectos de vida. Para conseguirlo necesitamos del trabajo de todos: docentes, personal de sede y de las \u00e1reas de soporte.<\/p>\n<p>Para ser una instituci\u00f3n de calidad, es fundamental que conozcamos nuestro negocio. Por eso, entender el trabajo y las necesidades de las sedes, as\u00ed como conocer las funciones y procesos de las \u00e1reas de soporte, nos permitir\u00e1 ser una organizaci\u00f3n s\u00f3lida.<\/p>\n<p>Todos somos parte de un mismo equipo: CERTUS, por eso, estar integrados, trabajar en equipo y comunicarnos eficientemente permitir\u00e1 que brindemos un mejor servicio a nuestros estudiantes.<\/p>\n<p>Dentro del marco de la campa\u00f1a Invol\u00facrate \u00a1Asume el reto!, es que se han programado visitas de parte de las \u00e1reas de soporte a las sedes. Ya iniciaron las \u00e1reas de la gerencia de Gesti\u00f3n Acad\u00e9mica yendo a las sedes de Norte, Los Olivos y Ate.<\/p>\n<p>A partir de abril las dem\u00e1s \u00e1reas retomar\u00e1n sus visitas.<\/p>\n<p>\u00a1Participemos activamente de la campa\u00f1a!<\/p>\n","protected":false},"excerpt":{"rendered":"<p>En CERTUS tenemos la misi\u00f3n de formar personas que logren sus proyectos de vida. Para conseguirlo necesitamos del trabajo de todos: docentes, personal de sede y de las \u00e1reas de soporte. Para ser una instituci\u00f3n [&hellip;]<\/p>\n","protected":false},"author":1,"featured_media":1960,"comment_status":"closed","ping_status":"open","sticky":false,"template":"","format":"standard","meta":{"_acf_changed":false,"rank_math_lock_modified_date":false,"footnotes":""},"categories":[136],"tags":[],"class_list":["post-727","post","type-post","status-publish","format-standard","has-post-thumbnail","hentry","category-noticertus"],"acf":[],"_links":{"self":[{"href":"https:\/\/www.certus.edu.pe\/blog\/wp-json\/wp\/v2\/posts\/727"}],"collection":[{"href":"https:\/\/www.certus.edu.pe\/blog\/wp-json\/wp\/v2\/posts"}],"about":[{"href":"https:\/\/www.certus.edu.pe\/blog\/wp-json\/wp\/v2\/types\/post"}],"author":[{"embeddable":true,"href":"https:\/\/www.certus.edu.pe\/blog\/wp-json\/wp\/v2\/users\/1"}],"replies":[{"embeddable":true,"href":"https:\/\/www.certus.edu.pe\/blog\/wp-json\/wp\/v2\/comments?post=727"}],"version-history":[{"count":0,"href":"https:\/\/www.certus.edu.pe\/blog\/wp-json\/wp\/v2\/posts\/727\/revisions"}],"wp:featuredmedia":[{"embeddable":true,"href":"https:\/\/www.certus.edu.pe\/blog\/wp-json\/wp\/v2\/media\/1960"}],"wp:attachment":[{"href":"https:\/\/www.certus.edu.pe\/blog\/wp-json\/wp\/v2\/media?parent=727"}],"wp:term":[{"taxonomy":"category","embeddable":true,"href":"https:\/\/www.certus.edu.pe\/blog\/wp-json\/wp\/v2\/categories?post=727"},{"taxonomy":"post_tag","embeddable":true,"href":"https:\/\/www.certus.edu.pe\/blog\/wp-json\/wp\/v2\/tags?post=727"}],"curies":[{"name":"wp","href":"https:\/\/api.w.org\/{rel}","templated":true}]}}