{"id":649,"date":"2017-02-01T12:42:44","date_gmt":"2017-02-01T17:42:44","guid":{"rendered":"https:\/\/www.ifbcertus.edu.pe\/blog\/?p=649"},"modified":"2023-11-23T16:41:07","modified_gmt":"2023-11-23T21:41:07","slug":"resultado-sobre-la-encuesta-de-fiestas-2017","status":"publish","type":"post","link":"https:\/\/www.certus.edu.pe\/blog\/resultado-sobre-la-encuesta-de-fiestas-2017\/","title":{"rendered":"Celebraciones 2017"},"content":{"rendered":"<p>\u00a1Gracias por tu participaci\u00f3n!<\/p>\n<p>A mediados del mes de enero lanzamos la Encuesta de Celebraciones 2017, con la intenci\u00f3n de conocer tus preferencias sobre las fechas para nuestras celebraciones del mes de julio y diciembre.<\/p>\n<p>La participaci\u00f3n del personal administrativo y docente fue positiva. Tenemos m\u00e1s del 65% de respuestas y los resultados arrojaron que los docentes prefieren las fiestas los d\u00edas s\u00e1bados y el personal administrativo los d\u00edas viernes.<\/p>\n<p>En ese sentido, se ha tomado la decisi\u00f3n que la fiesta del D\u00eda del Maestro (julio) se realizar\u00e1 un s\u00e1bado y la celebraci\u00f3n de fin de a\u00f1o (diciembre) un viernes por la noche.<\/p>\n<p>En CERTUS queremos que t\u00fa seas protagonista de las decisiones, por eso ponemos en pr\u00e1ctica nuestra pol\u00edtica de puertas abiertas y buscamos la transparencia para seguir los lineamientos del Buen Gobierno Corporativo.<\/p>\n<p>&nbsp;<\/p>\n","protected":false},"excerpt":{"rendered":"<p>\u00a1Gracias por tu participaci\u00f3n! A mediados del mes de enero lanzamos la Encuesta de Celebraciones 2017, con la intenci\u00f3n de conocer tus preferencias sobre las fechas para nuestras celebraciones del mes de julio y diciembre. [&hellip;]<\/p>\n","protected":false},"author":1,"featured_media":1945,"comment_status":"closed","ping_status":"open","sticky":false,"template":"","format":"standard","meta":{"_acf_changed":false,"rank_math_lock_modified_date":false,"footnotes":""},"categories":[136],"tags":[93,6,94],"class_list":["post-649","post","type-post","status-publish","format-standard","has-post-thumbnail","hentry","category-noticertus","tag-celebracion","tag-certus","tag-fiesta"],"acf":[],"_links":{"self":[{"href":"https:\/\/www.certus.edu.pe\/blog\/wp-json\/wp\/v2\/posts\/649"}],"collection":[{"href":"https:\/\/www.certus.edu.pe\/blog\/wp-json\/wp\/v2\/posts"}],"about":[{"href":"https:\/\/www.certus.edu.pe\/blog\/wp-json\/wp\/v2\/types\/post"}],"author":[{"embeddable":true,"href":"https:\/\/www.certus.edu.pe\/blog\/wp-json\/wp\/v2\/users\/1"}],"replies":[{"embeddable":true,"href":"https:\/\/www.certus.edu.pe\/blog\/wp-json\/wp\/v2\/comments?post=649"}],"version-history":[{"count":0,"href":"https:\/\/www.certus.edu.pe\/blog\/wp-json\/wp\/v2\/posts\/649\/revisions"}],"wp:featuredmedia":[{"embeddable":true,"href":"https:\/\/www.certus.edu.pe\/blog\/wp-json\/wp\/v2\/media\/1945"}],"wp:attachment":[{"href":"https:\/\/www.certus.edu.pe\/blog\/wp-json\/wp\/v2\/media?parent=649"}],"wp:term":[{"taxonomy":"category","embeddable":true,"href":"https:\/\/www.certus.edu.pe\/blog\/wp-json\/wp\/v2\/categories?post=649"},{"taxonomy":"post_tag","embeddable":true,"href":"https:\/\/www.certus.edu.pe\/blog\/wp-json\/wp\/v2\/tags?post=649"}],"curies":[{"name":"wp","href":"https:\/\/api.w.org\/{rel}","templated":true}]}}