{"id":645,"date":"2017-02-01T12:27:01","date_gmt":"2017-02-01T17:27:01","guid":{"rendered":"https:\/\/www.ifbcertus.edu.pe\/blog\/?p=645"},"modified":"2023-11-25T11:16:23","modified_gmt":"2023-11-25T16:16:23","slug":"nueva-sede-villa-el-salvador","status":"publish","type":"post","link":"https:\/\/www.certus.edu.pe\/blog\/nueva-sede-villa-el-salvador\/","title":{"rendered":"Nueva Sede Villa el Salvador"},"content":{"rendered":"<p>Uno de nuestros objetivos estrat\u00e9gicos para el 2021 es el crecimiento. Por eso, nos complace comunicarles que la construcci\u00f3n de la nueva Sede Villa El Salvador avanza seg\u00fan lo planificado.<\/p>\n<p>La primera etapa incluye la construcci\u00f3n del s\u00f3tano y culminar\u00e1 a finales de febrero. Despu\u00e9s se continuar\u00e1 con la edificaci\u00f3n de los 7 pisos.<\/p>\n<p>El terreno cuenta con una extensi\u00f3n de 1450 m2 y tendr\u00e1 34 aulas, 12 laboratorios, 6 salas de estudio, 2 cafeter\u00edas,\u00a0 1 sala multiusos, 1 sala de Internet, 1 comedor para docentes y 64 estacionamientos.<\/p>\n<p>Esta es nuestra d\u00e9cima sede a nivel nacional y est\u00e1 ubicada en la Av. Pachac\u00fatec (cerca del Centro Comercial Real Plaza y de la Estaci\u00f3n Pumacahua del Metro de Lima).<\/p>\n<p>En Certus, te ofrecemos las mejores carreras que cuentan con las mallas curriculares m\u00e1s actualizadas en funci\u00f3n a las necesidades del mercado. <a href=\"https:\/\/www.certus.edu.pe\/sede\/villa\/\">Si deseas m\u00e1s informaci\u00f3n, conoce los beneficios que ofrece esta sede.<\/a><\/p>\n","protected":false},"excerpt":{"rendered":"<p>Uno de nuestros objetivos estrat\u00e9gicos para el 2021 es el crecimiento. Por eso, nos complace comunicarles que la construcci\u00f3n de la nueva Sede Villa El Salvador avanza seg\u00fan lo planificado. La primera etapa incluye la [&hellip;]<\/p>\n","protected":false},"author":1,"featured_media":1942,"comment_status":"closed","ping_status":"open","sticky":false,"template":"","format":"standard","meta":{"_acf_changed":false,"rank_math_lock_modified_date":false,"footnotes":""},"categories":[136],"tags":[6,90,91,92],"class_list":["post-645","post","type-post","status-publish","format-standard","has-post-thumbnail","hentry","category-noticertus","tag-certus","tag-construccion","tag-crecimiento","tag-sede-villa"],"acf":[],"_links":{"self":[{"href":"https:\/\/www.certus.edu.pe\/blog\/wp-json\/wp\/v2\/posts\/645"}],"collection":[{"href":"https:\/\/www.certus.edu.pe\/blog\/wp-json\/wp\/v2\/posts"}],"about":[{"href":"https:\/\/www.certus.edu.pe\/blog\/wp-json\/wp\/v2\/types\/post"}],"author":[{"embeddable":true,"href":"https:\/\/www.certus.edu.pe\/blog\/wp-json\/wp\/v2\/users\/1"}],"replies":[{"embeddable":true,"href":"https:\/\/www.certus.edu.pe\/blog\/wp-json\/wp\/v2\/comments?post=645"}],"version-history":[{"count":0,"href":"https:\/\/www.certus.edu.pe\/blog\/wp-json\/wp\/v2\/posts\/645\/revisions"}],"wp:featuredmedia":[{"embeddable":true,"href":"https:\/\/www.certus.edu.pe\/blog\/wp-json\/wp\/v2\/media\/1942"}],"wp:attachment":[{"href":"https:\/\/www.certus.edu.pe\/blog\/wp-json\/wp\/v2\/media?parent=645"}],"wp:term":[{"taxonomy":"category","embeddable":true,"href":"https:\/\/www.certus.edu.pe\/blog\/wp-json\/wp\/v2\/categories?post=645"},{"taxonomy":"post_tag","embeddable":true,"href":"https:\/\/www.certus.edu.pe\/blog\/wp-json\/wp\/v2\/tags?post=645"}],"curies":[{"name":"wp","href":"https:\/\/api.w.org\/{rel}","templated":true}]}}