{"id":519,"date":"2016-11-09T09:40:06","date_gmt":"2016-11-09T14:40:06","guid":{"rendered":"http:\/\/www.ifbcertus.edu.pe\/blog\/?p=519"},"modified":"2023-11-25T11:35:55","modified_gmt":"2023-11-25T16:35:55","slug":"certus-participa-en-el-i-foro-internacional-de-formacion-tecnico-profesional","status":"publish","type":"post","link":"https:\/\/www.certus.edu.pe\/blog\/certus-participa-en-el-i-foro-internacional-de-formacion-tecnico-profesional\/","title":{"rendered":"CERTUS participa en el I Foro Internacional de Formaci\u00f3n T\u00e9cnico Profesional"},"content":{"rendered":"<p>En su ponencia \u2018El Modelo Pedag\u00f3gico: Formaci\u00f3n por Competencias\u2019, la Dra. Althaus explic\u00f3 la importancia de que el proceso de formaci\u00f3n favorezca el empoderamiento y el aprendizaje aut\u00f3nomo de los j\u00f3venes estudiantes. \u201cNuestro objetivo en Certus es formar un profesional capaz de adaptarse a los cambios, que no solo est\u00e9 preparado para desempe\u00f1arse correctamente en un puesto de trabajo, sino que logre su satisfacci\u00f3n y crecimiento personal\u201d precis\u00f3 In\u00e9s Althaus.<\/p>\n<p>A\u00f1adi\u00f3 tambi\u00e9n la importancia de contar con docentes capacitados y comprometidos con su nuevo rol de orientador y facilitador, lo cual implica el manejo del enfoque, el proceso metodol\u00f3gico y el nuevo sistema de evaluaci\u00f3n.<\/p>\n<p>La representante de CERTUS finaliz\u00f3 presentando las l\u00edneas educativas que estructuran sus mallas curriculares, destac\u00e1ndose entre ellas el uso de las TICs y el \u00e9nfasis en el emprendimiento como una posibilidad de autoempleo.<\/p>\n<p>El estudiante de CERTUS, gracias a los contenidos acad\u00e9micos y a sus innovadoras metodolog\u00edas de aprendizaje, logra insertarse exitosamente en el mercado laboral.<\/p>\n<p>Gracias a la trayectoria alcanzada por esta instituci\u00f3n, CERTUS ha sido reconocido como el mejor instituto para estudiar las carreras de negocios como Administraci\u00f3n de Empresas, Finanzas y Contabilidad, seg\u00fan la \u00faltima encuesta realizada por la prestigiosa encuestadora Ipsos.<\/p>\n<p>Al evento asistieron representantes de los principales institutos del pa\u00eds, as\u00ed como invitados internacionales que aportaron a la audiencia con su experiencia y conocimientos.<\/p>\n","protected":false},"excerpt":{"rendered":"<p>En su ponencia \u2018El Modelo Pedag\u00f3gico: Formaci\u00f3n por Competencias\u2019, la Dra. Althaus explic\u00f3 la importancia de que el proceso de formaci\u00f3n favorezca el empoderamiento y el aprendizaje aut\u00f3nomo de los j\u00f3venes estudiantes. \u201cNuestro objetivo en [&hellip;]<\/p>\n","protected":false},"author":1,"featured_media":1877,"comment_status":"closed","ping_status":"open","sticky":false,"template":"","format":"standard","meta":{"_acf_changed":false,"rank_math_lock_modified_date":false,"footnotes":""},"categories":[136],"tags":[6,51],"class_list":["post-519","post","type-post","status-publish","format-standard","has-post-thumbnail","hentry","category-noticertus","tag-certus","tag-foro-internacional"],"acf":[],"_links":{"self":[{"href":"https:\/\/www.certus.edu.pe\/blog\/wp-json\/wp\/v2\/posts\/519"}],"collection":[{"href":"https:\/\/www.certus.edu.pe\/blog\/wp-json\/wp\/v2\/posts"}],"about":[{"href":"https:\/\/www.certus.edu.pe\/blog\/wp-json\/wp\/v2\/types\/post"}],"author":[{"embeddable":true,"href":"https:\/\/www.certus.edu.pe\/blog\/wp-json\/wp\/v2\/users\/1"}],"replies":[{"embeddable":true,"href":"https:\/\/www.certus.edu.pe\/blog\/wp-json\/wp\/v2\/comments?post=519"}],"version-history":[{"count":0,"href":"https:\/\/www.certus.edu.pe\/blog\/wp-json\/wp\/v2\/posts\/519\/revisions"}],"wp:featuredmedia":[{"embeddable":true,"href":"https:\/\/www.certus.edu.pe\/blog\/wp-json\/wp\/v2\/media\/1877"}],"wp:attachment":[{"href":"https:\/\/www.certus.edu.pe\/blog\/wp-json\/wp\/v2\/media?parent=519"}],"wp:term":[{"taxonomy":"category","embeddable":true,"href":"https:\/\/www.certus.edu.pe\/blog\/wp-json\/wp\/v2\/categories?post=519"},{"taxonomy":"post_tag","embeddable":true,"href":"https:\/\/www.certus.edu.pe\/blog\/wp-json\/wp\/v2\/tags?post=519"}],"curies":[{"name":"wp","href":"https:\/\/api.w.org\/{rel}","templated":true}]}}