{"id":3601,"date":"2020-02-14T17:27:38","date_gmt":"2020-02-14T22:27:38","guid":{"rendered":"https:\/\/www.certus.edu.pe\/blog\/?p=3601"},"modified":"2021-09-23T02:33:33","modified_gmt":"2021-09-23T07:33:33","slug":"panorama-economico-peru","status":"publish","type":"post","link":"https:\/\/www.certus.edu.pe\/blog\/panorama-economico-peru\/","title":{"rendered":"\u00bfCu\u00e1l es el panorama econ\u00f3mico para 2020?"},"content":{"rendered":"<p>&nbsp;<\/p>\n<p style=\"text-align: justify;\"><span style=\"font-weight: 400;\">El Per\u00fa contin\u00faa siendo una de las econom\u00edas con mejor desempe\u00f1o de Latinoam\u00e9rica. Sin embargo, en los \u00faltimos a\u00f1os, debido a problemas pol\u00edticos y factores externos, ha perdido algo del impulso que mantuvo un tiempo atr\u00e1s. Si est\u00e1s interesado en <\/span><a href=\"https:\/\/www.certus.edu.pe\/carrera\/administracion-de-negocios-bancarios-y-financieros\/\"><span style=\"font-weight: 400;\">estudiar administraci\u00f3n bancaria<\/span><\/a> <span style=\"font-weight: 400;\">y financiera, entonces debes conocer el panorama de la<\/span> <strong>econom\u00eda de per\u00fa<\/strong><span style=\"font-weight: 400;\"> para 2020.<\/span><\/p>\n<p style=\"text-align: justify;\"><span style=\"font-weight: 400;\">Es necesario tomar en cuenta 7 factores clave que influyen directamente en nuestra econom\u00eda para entender lo que nos depara este nuevo a\u00f1o.<\/span><\/p>\n<div id=\"ez-toc-container\" class=\"ez-toc-v2_0_69_1 counter-hierarchy ez-toc-counter ez-toc-grey ez-toc-container-direction\">\n<p class=\"ez-toc-title\" style=\"cursor:inherit\">Tabla de Contenidos:<\/p>\n<label for=\"ez-toc-cssicon-toggle-item-69f449f8035af\" class=\"ez-toc-cssicon-toggle-label\"><span class=\"\"><span class=\"eztoc-hide\" style=\"display:none;\">Toggle<\/span><span class=\"ez-toc-icon-toggle-span\"><svg style=\"fill: #999;color:#999\" xmlns=\"http:\/\/www.w3.org\/2000\/svg\" class=\"list-377408\" width=\"20px\" height=\"20px\" viewBox=\"0 0 24 24\" fill=\"none\"><path d=\"M6 6H4v2h2V6zm14 0H8v2h12V6zM4 11h2v2H4v-2zm16 0H8v2h12v-2zM4 16h2v2H4v-2zm16 0H8v2h12v-2z\" fill=\"currentColor\"><\/path><\/svg><svg style=\"fill: #999;color:#999\" class=\"arrow-unsorted-368013\" xmlns=\"http:\/\/www.w3.org\/2000\/svg\" width=\"10px\" height=\"10px\" viewBox=\"0 0 24 24\" version=\"1.2\" baseProfile=\"tiny\"><path d=\"M18.2 9.3l-6.2-6.3-6.2 6.3c-.2.2-.3.4-.3.7s.1.5.3.7c.2.2.4.3.7.3h11c.3 0 .5-.1.7-.3.2-.2.3-.5.3-.7s-.1-.5-.3-.7zM5.8 14.7l6.2 6.3 6.2-6.3c.2-.2.3-.5.3-.7s-.1-.5-.3-.7c-.2-.2-.4-.3-.7-.3h-11c-.3 0-.5.1-.7.3-.2.2-.3.5-.3.7s.1.5.3.7z\"\/><\/svg><\/span><\/span><\/label><input type=\"checkbox\"  id=\"ez-toc-cssicon-toggle-item-69f449f8035af\"  aria-label=\"Toggle\" \/><nav><ul class='ez-toc-list ez-toc-list-level-1 ' ><li class='ez-toc-page-1 ez-toc-heading-level-2'><a class=\"ez-toc-link ez-toc-heading-1\" href=\"https:\/\/www.certus.edu.pe\/blog\/panorama-economico-peru\/#1-El-rendimiento-economico-previo\" title=\"1.- El rendimiento econ\u00f3mico previo\">1.- El rendimiento econ\u00f3mico previo<\/a><\/li><li class='ez-toc-page-1 ez-toc-heading-level-2'><a class=\"ez-toc-link ez-toc-heading-2\" href=\"https:\/\/www.certus.edu.pe\/blog\/panorama-economico-peru\/#2-Impacto-de-la-migracion\" title=\"2.- Impacto de la migraci\u00f3n\">2.- Impacto de la migraci\u00f3n<\/a><\/li><li class='ez-toc-page-1 ez-toc-heading-level-2'><a class=\"ez-toc-link ez-toc-heading-3\" href=\"https:\/\/www.certus.edu.pe\/blog\/panorama-economico-peru\/#3-El-sistema-tributario\" title=\"3.- El sistema tributario\">3.- El sistema tributario<\/a><\/li><li class='ez-toc-page-1 ez-toc-heading-level-2'><a class=\"ez-toc-link ez-toc-heading-4\" href=\"https:\/\/www.certus.edu.pe\/blog\/panorama-economico-peru\/#4-La-brecha-de-infraestructura\" title=\"4.- La brecha de infraestructura\">4.- La brecha de infraestructura<\/a><\/li><li class='ez-toc-page-1 ez-toc-heading-level-2'><a class=\"ez-toc-link ez-toc-heading-5\" href=\"https:\/\/www.certus.edu.pe\/blog\/panorama-economico-peru\/#5-El-boom-agroexportador\" title=\"5.- El boom agroexportador\">5.- El boom agroexportador<\/a><\/li><li class='ez-toc-page-1 ez-toc-heading-level-2'><a class=\"ez-toc-link ez-toc-heading-6\" href=\"https:\/\/www.certus.edu.pe\/blog\/panorama-economico-peru\/#6-La-lucha-contra-la-corrupcion\" title=\"6.- La lucha contra la corrupci\u00f3n\">6.- La lucha contra la corrupci\u00f3n<\/a><\/li><li class='ez-toc-page-1 ez-toc-heading-level-2'><a class=\"ez-toc-link ez-toc-heading-7\" href=\"https:\/\/www.certus.edu.pe\/blog\/panorama-economico-peru\/#7-Proteccion-social\" title=\"7.- Protecci\u00f3n social\">7.- Protecci\u00f3n social<\/a><\/li><li class='ez-toc-page-1 ez-toc-heading-level-2'><a class=\"ez-toc-link ez-toc-heading-8\" href=\"https:\/\/www.certus.edu.pe\/blog\/panorama-economico-peru\/#%C2%A1Visita-nuestra-sede-en-Lima-Norte\" title=\"\u00a1Visita nuestra sede en Lima Norte!\">\u00a1Visita nuestra sede en Lima Norte!<\/a><\/li><\/ul><\/nav><\/div>\n<h2 style=\"text-align: justify;\"><span class=\"ez-toc-section\" id=\"1-El-rendimiento-economico-previo\"><\/span><strong>1.- El rendimiento econ\u00f3mico previo<\/strong><span class=\"ez-toc-section-end\"><\/span><\/h2>\n<p><img loading=\"lazy\" decoding=\"async\" class=\"aligncenter size-full wp-image-3604\" src=\"https:\/\/www.certus.edu.pe\/blog\/wp-content\/uploads\/2020\/02\/panorama-econ\u00f3mico-per\u00fa-2020-rendimiento-previo.jpg\" alt=\"panorama economico peru 2020\" width=\"720\" height=\"340\" srcset=\"https:\/\/www.certus.edu.pe\/blog\/wp-content\/uploads\/2020\/02\/panorama-econ\u00f3mico-per\u00fa-2020-rendimiento-previo.jpg 720w, https:\/\/www.certus.edu.pe\/blog\/wp-content\/uploads\/2020\/02\/panorama-econ\u00f3mico-per\u00fa-2020-rendimiento-previo-300x142.jpg 300w, https:\/\/www.certus.edu.pe\/blog\/wp-content\/uploads\/2020\/02\/panorama-econ\u00f3mico-per\u00fa-2020-rendimiento-previo-600x283.jpg 600w, https:\/\/www.certus.edu.pe\/blog\/wp-content\/uploads\/2020\/02\/panorama-econ\u00f3mico-per\u00fa-2020-rendimiento-previo-20x9.jpg 20w\" sizes=\"(max-width: 720px) 100vw, 720px\" \/><\/p>\n<p style=\"text-align: justify;\"><span style=\"font-weight: 400;\">Nuestro pa\u00eds ha sido una de las econom\u00edas con m\u00e1s r\u00e1pido crecimiento en la regi\u00f3n, pero el a\u00f1o pasado se desarroll\u00f3 solo en un 2.4 % lo cual resulta bastante d\u00e9bil. Como se adelant\u00f3, esto fue a causa de factores externos e internos.<\/span><\/p>\n<p style=\"text-align: justify;\"><span style=\"font-weight: 400;\">Primero, en el plano internacional, el Per\u00fa vio una reducci\u00f3n en la demanda de exportaciones de materias primas. Los efectos m\u00e1s visibles se dieron en el sector de la miner\u00eda y de energ\u00eda, los cuales vieron contra\u00eddas sus exportaciones durante el a\u00f1o pasado.<\/span><\/p>\n<p style=\"text-align: justify;\"><span style=\"font-weight: 400;\">Luego, en el panorama dom\u00e9stico, la ejecuci\u00f3n de los proyectos de inversi\u00f3n p\u00fablica fue menor de lo establecido en el presupuesto. Asimismo, diversos factores clim\u00e1ticos dificultaron el correcto desempe\u00f1o de la producci\u00f3n pesquera.<\/span><\/p>\n<h2 style=\"text-align: justify;\"><span class=\"ez-toc-section\" id=\"2-Impacto-de-la-migracion\"><\/span><strong>2.- Impacto de la migraci\u00f3n<\/strong><span class=\"ez-toc-section-end\"><\/span><\/h2>\n<p style=\"text-align: justify;\"><span style=\"font-weight: 400;\">La absorci\u00f3n de la migraci\u00f3n venezolana en el mercado laboral ha creado fricciones entre los ciudadanos. El <\/span><strong>Banco Central del Per\u00fa<\/strong><span style=\"font-weight: 400;\"> estima que la competencia generada por los trabajadores extranjeros se ha hecho sentir entre los m\u00e1s j\u00f3venes, los trabajadores menos capacitados y el sector del comercio.<\/span><\/p>\n<p style=\"text-align: justify;\"><span style=\"font-weight: 400;\">Sin embargo, esta absorci\u00f3n tambi\u00e9n ha tra\u00eddo como consecuencia un mayor crecimiento. El Banco Central estima que alrededor de 0.3 puntos porcentuales del crecimiento del PBI registrado solo en 2018 se atribuyen al mayor consumo por parte de la poblaci\u00f3n migrante.<\/span><\/p>\n<p style=\"text-align: justify;\"><span style=\"font-weight: 400;\">Se calcula que este impacto puede aumentar hasta alrededor de 0.4 puntos porcentuales para el 2021. No obstante, en la medida en que las fricciones causadas por la integraci\u00f3n de los trabajadores extranjeros empiecen a disiparse en un mediano plazo, los beneficios para la <\/span><strong>econom\u00eda peruana<\/strong><span style=\"font-weight: 400;\"> ser\u00e1n mayores.<\/span><\/p>\n<h2 style=\"text-align: justify;\"><span class=\"ez-toc-section\" id=\"3-El-sistema-tributario\"><\/span><strong>3.- El sistema tributario<\/strong><span class=\"ez-toc-section-end\"><\/span><\/h2>\n<p style=\"text-align: justify;\"><span style=\"font-weight: 400;\">Actualmente, podemos observar un esfuerzo renovado desde el Gobierno para generar ingresos que activen la econom\u00eda del pa\u00eds. Este apunta a incrementar el gasto en infraestructura y protecci\u00f3n social.<\/span><\/p>\n<p style=\"text-align: justify;\"><span style=\"font-weight: 400;\">Adem\u00e1s, algunas iniciativas recientes como la implementaci\u00f3n de la facturaci\u00f3n electr\u00f3nica para la declaraci\u00f3n de impuestos de valor agregado y la introducci\u00f3n de tributaci\u00f3n especial relacionada al medio ambiente y la salud son un gran paso en esa direcci\u00f3n.<\/span><\/p>\n<h2 style=\"text-align: justify;\"><span class=\"ez-toc-section\" id=\"4-La-brecha-de-infraestructura\"><\/span><strong>4.- La brecha de infraestructura<\/strong><span class=\"ez-toc-section-end\"><\/span><\/h2>\n<p style=\"text-align: justify;\"><span style=\"font-weight: 400;\">El Gobierno ha lanzado el <\/span><strong>Plan Nacional de Infraestructura para la Competitividad<\/strong><span style=\"font-weight: 400;\">, el cual apunta a reducir la gran brecha que sufre el pa\u00eds en aquel aspecto. La infraestructura del Per\u00fa no se compara a la de los competidores y se necesita de una particular inversi\u00f3n en \u00e1reas como el transporte, saneamiento, salud, telecomunicaciones y agua.<\/span><\/p>\n<h2 style=\"text-align: justify;\"><span class=\"ez-toc-section\" id=\"5-El-boom-agroexportador\"><\/span><strong>5.- El boom agroexportador<\/strong><span class=\"ez-toc-section-end\"><\/span><\/h2>\n<p><img loading=\"lazy\" decoding=\"async\" class=\"aligncenter size-full wp-image-3605\" src=\"https:\/\/www.certus.edu.pe\/blog\/wp-content\/uploads\/2020\/02\/panorama-econ\u00f3mico-per\u00fa-2020-boom-agroexportador.jpg\" alt=\"panorama agro exportador\" width=\"720\" height=\"340\" srcset=\"https:\/\/www.certus.edu.pe\/blog\/wp-content\/uploads\/2020\/02\/panorama-econ\u00f3mico-per\u00fa-2020-boom-agroexportador.jpg 720w, https:\/\/www.certus.edu.pe\/blog\/wp-content\/uploads\/2020\/02\/panorama-econ\u00f3mico-per\u00fa-2020-boom-agroexportador-300x142.jpg 300w, https:\/\/www.certus.edu.pe\/blog\/wp-content\/uploads\/2020\/02\/panorama-econ\u00f3mico-per\u00fa-2020-boom-agroexportador-600x283.jpg 600w, https:\/\/www.certus.edu.pe\/blog\/wp-content\/uploads\/2020\/02\/panorama-econ\u00f3mico-per\u00fa-2020-boom-agroexportador-20x9.jpg 20w\" sizes=\"(max-width: 720px) 100vw, 720px\" \/><\/p>\n<p style=\"text-align: justify;\"><span style=\"font-weight: 400;\">Durante las \u00faltimas dos d\u00e9cadas, desde el <\/span><strong>panorama econ\u00f3mico del Per\u00fa<\/strong><span style=\"font-weight: 400;\"> se ha experimentado una explosi\u00f3n en exportaciones agr\u00edcolas. El principal elemento impulsador han sido las exportaciones de temporada de frutas y vegetales (principalmente paltas, ar\u00e1ndanos y esp\u00e1rragos) los cuales son de alto valor hacia el hemisferio norte.<\/span><\/p>\n<p style=\"text-align: justify;\"><span style=\"font-weight: 400;\">El boom ha contribuido en gran medida a deducir la pobreza en \u00e1reas rurales. Esta ha disminuido de 80% en el 2004 a un 36% en 2018, porcentaje que es incluso mayor en \u00e1reas que han experimentado una mayor expansi\u00f3n de agroexportaciones.<\/span><\/p>\n<p style=\"text-align: justify;\"><strong>Te puede interesar:<\/strong> <a href=\"https:\/\/www.certus.edu.pe\/blog\/carreras-tecnicas-cortas\/\"><span style=\"font-weight: 400;\">\u00bfQu\u00e9 puedo estudiar?: Carreras t\u00e9cnicas cortas y rentables<\/span><\/a><\/p>\n<h2 style=\"text-align: justify;\"><span class=\"ez-toc-section\" id=\"6-La-lucha-contra-la-corrupcion\"><\/span><strong>6.- La lucha contra la corrupci\u00f3n<\/strong><span class=\"ez-toc-section-end\"><\/span><\/h2>\n<p style=\"text-align: justify;\"><span style=\"font-weight: 400;\">En el transcurso de los \u00faltimos tres a\u00f1os, el impacto de la investigaci\u00f3n lava jato ha mostrado secuelas tanto en la esfera pol\u00edtica como en el plano econ\u00f3mico. Un claro ejemplo de su impacto en la econom\u00eda es el estancamiento de algunos de nuestros m\u00e1s grandes proyectos de inversi\u00f3n.<\/span><\/p>\n<p style=\"text-align: justify;\"><span style=\"font-weight: 400;\">En ese contexto, el Gobierno ha hecho de la lucha contra la corrupci\u00f3n su principal prioridad. Es as\u00ed que se viene desarrollando un amplio plan anticorrupci\u00f3n en un intento de contrarrestar los efectos negativos en la <\/span><strong>econom\u00eda peruana para el 2020<\/strong><span style=\"font-weight: 400;\">.<\/span><\/p>\n<h2 style=\"text-align: justify;\"><span class=\"ez-toc-section\" id=\"7-Proteccion-social\"><\/span><strong>7.- Protecci\u00f3n social<\/strong><span class=\"ez-toc-section-end\"><\/span><\/h2>\n<p style=\"text-align: justify;\"><span style=\"font-weight: 400;\">Mejorar la protecci\u00f3n social es fundamental para alcanzar una mayor reducci\u00f3n de la pobreza y apoyar el crecimiento inclusivo del pa\u00eds. En Per\u00fa se necesita acci\u00f3n para atender las necesidades cr\u00edticas de los ciudadanos. Algunas de estas incluyen la reforma del sistema de pensiones, distribuir de una mejor forma los ingresos de los recursos naturales a lo largo de las regiones y profundizar en la inclusi\u00f3n.<\/span><\/p>\n<p style=\"text-align: justify;\"><span style=\"font-weight: 400;\">Estos son los principales factores que influir\u00e1n de forma decisiva en la econom\u00eda nacional durante el presente a\u00f1o. Si est\u00e1s considerando estudiar una carrera como <\/span><strong>Administraci\u00f3n de Negocios Bancarios y Financieros<\/strong><span style=\"font-weight: 400;\"> o alguna alternativa similar, debes mantenerte actualizado con los constantes cambios del <\/span><strong>panorama econ\u00f3mico del Per\u00fa<\/strong><span style=\"font-weight: 400;\">.<\/span><\/p>\n<p style=\"text-align: justify;\"><span style=\"font-weight: 400;\">Asimismo, es importante que selecciones una instituci\u00f3n que te brinde una educaci\u00f3n de calidad y, al mismo tiempo, te permita insertarte en el mercado laboral de forma r\u00e1pida. En <\/span><strong>Certus<\/strong> <span style=\"font-weight: 400;\">contamos con expertos en el sector financiero y bancario, por lo que obtendr\u00e1s los conocimientos directamente de las personas que se desarrollan dentro del campo.<\/span><\/p>\n<h2 style=\"text-align: justify;\"><span class=\"ez-toc-section\" id=\"%C2%A1Visita-nuestra-sede-en-Lima-Norte\"><\/span><strong>\u00a1<a href=\"https:\/\/www.certus.edu.pe\/sede\/norte\/\">Visita nuestra sede en Lima Norte<\/a>!<\/strong><span class=\"ez-toc-section-end\"><\/span><\/h2>\n<p style=\"text-align: justify;\"><span style=\"font-weight: 400;\">En Certus estamos presentes en diferentes ciudades del pa\u00eds, sin duda nos encontrar\u00e1s muy cerca de ti. Vis\u00edtanos en nuestra <\/span><strong>sede Norte<\/strong><span style=\"font-weight: 400;\"> y encuentra el diploma o certificaci\u00f3n que encaje contigo. \u00a1An\u00edmate a darle a tu vida profesional el impulso que te lleve al siguiente nivel! \u00bfEst\u00e1s listo para empezar?<\/span><\/p>\n<p style=\"text-align: justify;\"><i><span style=\"font-weight: 400;\">En <\/span><\/i><i><strong>Certus<\/strong> <\/i><i><span style=\"font-weight: 400;\">nos enfocamos en desarrollar tus habilidades a fin de que puedas explotar todo el potencial que hay dentro de ti. Estudia con nosotros y alimenta tu #SangreDeEmpresario para que tu historia sea m\u00e1s grande.<\/span><\/i><a href=\"https:\/\/www.certus.edu.pe\/contactenos\/\"> <i><span style=\"font-weight: 400;\">Si deseas m\u00e1s informaci\u00f3n sobre nuestras carreras y certificaciones, no dudes en comunicarte con nosotros<\/span><\/i><\/a><span style=\"font-weight: 400;\">.<\/span><\/p>\n","protected":false},"excerpt":{"rendered":"<p>&nbsp; El Per\u00fa contin\u00faa siendo una de las econom\u00edas con mejor desempe\u00f1o de Latinoam\u00e9rica. Sin embargo, en los \u00faltimos a\u00f1os, debido a problemas pol\u00edticos y factores externos, ha perdido algo del impulso que mantuvo un [&hellip;]<\/p>\n","protected":false},"author":1,"featured_media":3603,"comment_status":"closed","ping_status":"open","sticky":false,"template":"","format":"standard","meta":{"_acf_changed":false,"rank_math_lock_modified_date":false,"footnotes":""},"categories":[136],"tags":[30,74,26,49],"class_list":["post-3601","post","type-post","status-publish","format-standard","has-post-thumbnail","hentry","category-noticertus","tag-administracion-bancaria","tag-banco-y-finanzas","tag-cajero-financiero","tag-finanzas"],"acf":[],"_links":{"self":[{"href":"https:\/\/www.certus.edu.pe\/blog\/wp-json\/wp\/v2\/posts\/3601"}],"collection":[{"href":"https:\/\/www.certus.edu.pe\/blog\/wp-json\/wp\/v2\/posts"}],"about":[{"href":"https:\/\/www.certus.edu.pe\/blog\/wp-json\/wp\/v2\/types\/post"}],"author":[{"embeddable":true,"href":"https:\/\/www.certus.edu.pe\/blog\/wp-json\/wp\/v2\/users\/1"}],"replies":[{"embeddable":true,"href":"https:\/\/www.certus.edu.pe\/blog\/wp-json\/wp\/v2\/comments?post=3601"}],"version-history":[{"count":0,"href":"https:\/\/www.certus.edu.pe\/blog\/wp-json\/wp\/v2\/posts\/3601\/revisions"}],"wp:featuredmedia":[{"embeddable":true,"href":"https:\/\/www.certus.edu.pe\/blog\/wp-json\/wp\/v2\/media\/3603"}],"wp:attachment":[{"href":"https:\/\/www.certus.edu.pe\/blog\/wp-json\/wp\/v2\/media?parent=3601"}],"wp:term":[{"taxonomy":"category","embeddable":true,"href":"https:\/\/www.certus.edu.pe\/blog\/wp-json\/wp\/v2\/categories?post=3601"},{"taxonomy":"post_tag","embeddable":true,"href":"https:\/\/www.certus.edu.pe\/blog\/wp-json\/wp\/v2\/tags?post=3601"}],"curies":[{"name":"wp","href":"https:\/\/api.w.org\/{rel}","templated":true}]}}