{"id":3311,"date":"2019-08-27T16:36:52","date_gmt":"2019-08-27T21:36:52","guid":{"rendered":"https:\/\/www.certus.edu.pe\/blog\/?p=3311"},"modified":"2023-11-25T11:22:03","modified_gmt":"2023-11-25T16:22:03","slug":"inauguracion-de-nueva-sede-callao","status":"publish","type":"post","link":"https:\/\/www.certus.edu.pe\/blog\/inauguracion-de-nueva-sede-callao\/","title":{"rendered":"\u00a1Inauguraci\u00f3n de nueva sede Callao!"},"content":{"rendered":"<p><img loading=\"lazy\" decoding=\"async\" src=\"https:\/\/www.certus.edu.pe\/blog\/wp-content\/uploads\/2019\/08\/noticia1566586579.jpg\" alt=\"Nuestra nueva y moderna sede Callao, fue inaugurada en una ceremonia presidida por la gerente general de CERTUS, In\u00e9s Althaus; nuestro gerente central, Luis Soto, as\u00ed como, Maril\u00fa Martens;\" width=\"1440\" height=\"504\" \/><\/p>\n<p>Nuestra nueva y moderna sede Callao, fue inaugurada en una ceremonia presidida por la gerente general de <a href=\"https:\/\/www.certus.edu.pe\/\">CERTUS<\/a>, In\u00e9s Althaus; nuestro gerente central, Luis Soto, as\u00ed como, Maril\u00fa Martens; miembro del directorio CERTUS y Adriana Lechuga; Directora de la Direcci\u00f3n de Servicios de Educaci\u00f3n \u2013 T\u00e9cnico Productiva y Superior Tecnol\u00f3gica y Art\u00edstica de Ministerios de Educaci\u00f3n &#8211; <a href=\"https:\/\/www.gob.pe\/minedu\" target=\"_blank\" rel=\"noopener\">MINEDU<\/a>.<\/p>\n<p>CERTUS Callao se encuentra ubicada en el cruce de las avenidas Santa Rosa y Argentina, en el nuevo Strip Plaza del primer puerto e impartir\u00e1 las carreras de Contabilidad, Administraci\u00f3n de Empresas, Negocios Internacionales y Administraci\u00f3n Bancaria, para atender la gran demanda laboral de profesionales t\u00e9cnicos en el mercado peruano.<\/p>\n<p>Esta sede cuenta con 3 pisos, 17 aulas y 6 laboratorios equipados con la mejor tecnolog\u00eda, as\u00ed como ambientes de aprendizaje colaborativo, sala de docentes, cafeter\u00eda y un centro de informaci\u00f3n digital.<\/p>\n<p>\u201cCon la reciente apertura queremos brindar a los 100,000 j\u00f3venes del Callao y sus alrededores, una educaci\u00f3n t\u00e9cnica de calidad y formaci\u00f3n integral, que nos permita seguir contribuyendo con el desarrollo de la educaci\u00f3n profesional t\u00e9cnica en el Per\u00fa. Adem\u00e1s de formar profesionales competitivos, que puedan insertarse en el mercado laboral r\u00e1pidamente\u201d, declar\u00f3 nuestra gerente In\u00e9s Althaus.<\/p>\n<p>La demanda de profesionales t\u00e9cnicos en los \u00faltimos 8 a\u00f1os se ha incrementado en un 45%, y de los 300,000 puestos de trabajo disponibles cada a\u00f1o se logra cubrir 100,000.<\/p>\n<p>\u201cHay planes de ampliar nuestro portafolio de carreras para el a\u00f1o 2020. En el caso de la sede Callao desde octubre, adicionalmente a las carreras mencionadas, se ofrecer\u00e1 la de Contabilidad\u201d,\u00a0indic\u00f3 Luis Soto.<\/p>\n<p>Cabe resaltar que,\u00a0este nuevo local fue construido sobre un terreno de 2800m2 y cuenta con una capacidad para 2400 estudiantes.<\/p>\n<p>\u00a1Orgullos de seguir creciendo juntos!<\/p>\n","protected":false},"excerpt":{"rendered":"<p>Nuestra nueva y moderna sede Callao, fue inaugurada en una ceremonia presidida por la gerente general de CERTUS, In\u00e9s Althaus; nuestro gerente central, Luis Soto, as\u00ed como, Maril\u00fa Martens; miembro del directorio CERTUS y Adriana [&hellip;]<\/p>\n","protected":false},"author":1,"featured_media":3312,"comment_status":"closed","ping_status":"open","sticky":false,"template":"","format":"standard","meta":{"_acf_changed":false,"rank_math_lock_modified_date":false,"footnotes":""},"categories":[157,136],"tags":[74,287,309,286],"class_list":["post-3311","post","type-post","status-publish","format-standard","has-post-thumbnail","hentry","category-emprendimiento","category-noticertus","tag-banco-y-finanzas","tag-callao","tag-inauguracion","tag-sede-callao"],"acf":[],"_links":{"self":[{"href":"https:\/\/www.certus.edu.pe\/blog\/wp-json\/wp\/v2\/posts\/3311"}],"collection":[{"href":"https:\/\/www.certus.edu.pe\/blog\/wp-json\/wp\/v2\/posts"}],"about":[{"href":"https:\/\/www.certus.edu.pe\/blog\/wp-json\/wp\/v2\/types\/post"}],"author":[{"embeddable":true,"href":"https:\/\/www.certus.edu.pe\/blog\/wp-json\/wp\/v2\/users\/1"}],"replies":[{"embeddable":true,"href":"https:\/\/www.certus.edu.pe\/blog\/wp-json\/wp\/v2\/comments?post=3311"}],"version-history":[{"count":0,"href":"https:\/\/www.certus.edu.pe\/blog\/wp-json\/wp\/v2\/posts\/3311\/revisions"}],"wp:featuredmedia":[{"embeddable":true,"href":"https:\/\/www.certus.edu.pe\/blog\/wp-json\/wp\/v2\/media\/3312"}],"wp:attachment":[{"href":"https:\/\/www.certus.edu.pe\/blog\/wp-json\/wp\/v2\/media?parent=3311"}],"wp:term":[{"taxonomy":"category","embeddable":true,"href":"https:\/\/www.certus.edu.pe\/blog\/wp-json\/wp\/v2\/categories?post=3311"},{"taxonomy":"post_tag","embeddable":true,"href":"https:\/\/www.certus.edu.pe\/blog\/wp-json\/wp\/v2\/tags?post=3311"}],"curies":[{"name":"wp","href":"https:\/\/api.w.org\/{rel}","templated":true}]}}