{"id":3058,"date":"2019-06-13T16:00:30","date_gmt":"2019-06-13T16:00:30","guid":{"rendered":"https:\/\/www.certus.edu.pe\/blog\/?p=3058"},"modified":"2023-11-23T17:18:04","modified_gmt":"2023-11-23T22:18:04","slug":"zuper-poderes-para-cambiar-el-mundo","status":"publish","type":"post","link":"https:\/\/www.certus.edu.pe\/blog\/zuper-poderes-para-cambiar-el-mundo\/","title":{"rendered":"\u00a1Z\u00faper poderes para cambiar el mundo!"},"content":{"rendered":"<p style=\"font-weight: 400;\"><a href=\"https:\/\/www.certus.edu.pe\/blog\/zuper-poderes-para-cambiar-el-mundo\/\" rel=\"attachment wp-att-3059\"><img loading=\"lazy\" decoding=\"async\" class=\"aligncenter wp-image-3059 size-full\" src=\"https:\/\/www.certus.edu.pe\/blog\/wp-content\/uploads\/2019\/06\/filefoto815599413688.png\" alt=\"capacitacion certus\" width=\"1000\" height=\"562\" srcset=\"https:\/\/www.certus.edu.pe\/blog\/wp-content\/uploads\/2019\/06\/filefoto815599413688.png 1000w, https:\/\/www.certus.edu.pe\/blog\/wp-content\/uploads\/2019\/06\/filefoto815599413688-300x169.png 300w, https:\/\/www.certus.edu.pe\/blog\/wp-content\/uploads\/2019\/06\/filefoto815599413688-768x432.png 768w, https:\/\/www.certus.edu.pe\/blog\/wp-content\/uploads\/2019\/06\/filefoto815599413688-600x337.png 600w, https:\/\/www.certus.edu.pe\/blog\/wp-content\/uploads\/2019\/06\/filefoto815599413688-20x11.png 20w\" sizes=\"(max-width: 1000px) 100vw, 1000px\" \/><\/a><\/p>\n<p>Los estudiantes que se encuentran en el segundo ciclo de todas nuestras <a href=\"https:\/\/www.certus.edu.pe\/carreras\/\">carreras<\/a>, tuvieron la oportunidad de asistir a la charla realizada por Los Z\u00faper, organizaci\u00f3n colombiana que busca inspirar, empoderar y movilizar a la juventud a trav\u00e9s de sus propios talentos, capacidades y habilidades, potenciando en ellos siete &#8220;z\u00faper poderes\u201d.<\/p>\n<p>En esta ocasi\u00f3n, Juan David Aristizabal, fundador de \u201cLos Z\u00faper\u201d, abord\u00f3 temas como la importancia de anticiparse a los cambios y\u00a0las habilidades esenciales que deben desarrollar los j\u00f3venes en el siglo XXI.<\/p>\n<p>Adem\u00e1s, los j\u00f3venes que vienen siendo parte de este proyecto que forma parte del curso Habilidades y aptitudes personales, dieron su testimonio acerca de c\u00f3mo est\u00e1n asumiendo el reto de mejorar su entorno diario y la relaci\u00f3n con sus familias.<\/p>\n<p><a href=\"https:\/\/www.certus.edu.pe\/blog\/zuper-poderes-para-cambiar-el-mundo\/\" rel=\"attachment wp-att-3060\"><img loading=\"lazy\" decoding=\"async\" src=\"https:\/\/www.certus.edu.pe\/blog\/wp-content\/uploads\/2019\/06\/filefoto815599413689.png\" alt=\"capacitacion charla certus\" width=\"1000\" height=\"562\" \/><\/a><\/p>\n<p>En Certus, te ofrecemos las mejores carreras que cuentan con las mallas curriculares m\u00e1s actualizadas en funci\u00f3n a las necesidades del mercado. <a href=\"https:\/\/www.certus.edu.pe\/carreras\/\">Si deseas m\u00e1s informaci\u00f3n, consulta nuestras carreras y beneficios.<\/a><\/p>\n<p>&nbsp;<\/p>\n","protected":false},"excerpt":{"rendered":"<p>Los estudiantes que se encuentran en el segundo ciclo de todas nuestras carreras, tuvieron la oportunidad de asistir a la charla realizada por Los Z\u00faper, organizaci\u00f3n colombiana que busca inspirar, empoderar y movilizar a la [&hellip;]<\/p>\n","protected":false},"author":1,"featured_media":3059,"comment_status":"closed","ping_status":"open","sticky":false,"template":"","format":"standard","meta":{"_acf_changed":false,"rank_math_lock_modified_date":false,"footnotes":""},"categories":[155,136],"tags":[276],"class_list":["post-3058","post","type-post","status-publish","format-standard","has-post-thumbnail","hentry","category-carreras","category-noticertus","tag-empoderamiento"],"acf":[],"_links":{"self":[{"href":"https:\/\/www.certus.edu.pe\/blog\/wp-json\/wp\/v2\/posts\/3058"}],"collection":[{"href":"https:\/\/www.certus.edu.pe\/blog\/wp-json\/wp\/v2\/posts"}],"about":[{"href":"https:\/\/www.certus.edu.pe\/blog\/wp-json\/wp\/v2\/types\/post"}],"author":[{"embeddable":true,"href":"https:\/\/www.certus.edu.pe\/blog\/wp-json\/wp\/v2\/users\/1"}],"replies":[{"embeddable":true,"href":"https:\/\/www.certus.edu.pe\/blog\/wp-json\/wp\/v2\/comments?post=3058"}],"version-history":[{"count":0,"href":"https:\/\/www.certus.edu.pe\/blog\/wp-json\/wp\/v2\/posts\/3058\/revisions"}],"wp:featuredmedia":[{"embeddable":true,"href":"https:\/\/www.certus.edu.pe\/blog\/wp-json\/wp\/v2\/media\/3059"}],"wp:attachment":[{"href":"https:\/\/www.certus.edu.pe\/blog\/wp-json\/wp\/v2\/media?parent=3058"}],"wp:term":[{"taxonomy":"category","embeddable":true,"href":"https:\/\/www.certus.edu.pe\/blog\/wp-json\/wp\/v2\/categories?post=3058"},{"taxonomy":"post_tag","embeddable":true,"href":"https:\/\/www.certus.edu.pe\/blog\/wp-json\/wp\/v2\/tags?post=3058"}],"curies":[{"name":"wp","href":"https:\/\/api.w.org\/{rel}","templated":true}]}}