{"id":296,"date":"2016-06-08T11:40:58","date_gmt":"2016-06-08T16:40:58","guid":{"rendered":"http:\/\/www.ifbcertus.edu.pe\/blog\/?p=296"},"modified":"2022-10-18T11:42:49","modified_gmt":"2022-10-18T16:42:49","slug":"peru-vs-ecuador-se-enfrentan-por-la-copa-america-centenario-2016","status":"publish","type":"post","link":"https:\/\/www.certus.edu.pe\/blog\/peru-vs-ecuador-se-enfrentan-por-la-copa-america-centenario-2016\/","title":{"rendered":"Per\u00fa vs. Ecuador: se enfrentan por la Copa Am\u00e9rica Centenario 2016"},"content":{"rendered":"<p><strong>Per\u00fa<\/strong>, l\u00edder del Grupo B de la Copa Am\u00e9rica Centenario, y <strong>Ecuador<\/strong>, que sigue lament\u00e1ndose por el gol mal anulado ante Brasil, medir\u00e1n fuerzas hoy\u00a0en Glendale, Arizona, en un partido sin vuelta atr\u00e1s para el tricolor ni garant\u00edas de clasificaci\u00f3n para los incas.<\/p>\n<p>Disputada la primera fecha de la llave el s\u00e1bado en Seattle y Pasadena, <strong>Per\u00fa <\/strong>se encontr\u00f3 con la comodidad de debutar ante el rival m\u00e1s d\u00e9bil de la zona, Hait\u00ed, al que gan\u00f3 1-0 con gol de Paolo Guerrero, mientras que Brasil y <strong>Ecuador <\/strong>firmaron un 0-0 y en el que una decisi\u00f3n arbitral perjudic\u00f3 a los andinos.<\/p>\n<p>Ahora, cuando el margen de error es m\u00ednimo, el combinado de <strong>Per\u00fa<\/strong> que dirige el &#8216;Tigre&#8217; Ricardo Gareca afrontar\u00e1 la primera verdadera prueba de fuego, teniendo en cuenta que el rival de turno es nada menos que el col\u00edder de la clasificatoria sudamericana al Mundial de Rusia-2018, en la que los incas son octavos.<\/p>\n<p>Sin embargo, los torneos cortos como la Copa Am\u00e9rica le sientan bien a los peruanos, como en Argentina-2011 y Chile-2015, en los que culminaron terceros, mientras que para los del centro del mundo ha significado un aut\u00e9ntico dolor de cabeza, pues desde Paraguay-1999 siempre se han ido en la primera fase.<\/p>\n<p>&#8220;<strong>Ecuador <\/strong>nos va a llevar a hacer un gran esfuerzo en todo aspecto, futbol\u00edstico y de una gran predisposici\u00f3n en el campo de juego con una solidaridad importante, para tratar de neutralizarlos y ejercer nuestro juego. Tengo un gran respeto por <strong>Ecuador<\/strong>&#8220;, se\u00f1al\u00f3 el &#8216;Tigre&#8217;, t\u00e9cnico de <strong>Per\u00fa<\/strong>.<\/p>\n<p>&#8220;<strong>Per\u00fa <\/strong>es muy peligroso en ataque, Guerrero es un gran delantero, uno de los mejores del mundo, y tenemos que tratar de estar atentos para detenerlo y nosotros lograr meter las oportunidades que creemos&#8221;, asegur\u00f3 el delantero Enner Valencia (West Ham United), goleador de su pa\u00eds en el Mundial de Brasil-2014 con tres anotaciones.<\/p>\n<p>El duelo andino est\u00e1 pactado para el mi\u00e9rcoles a las 19H00 locales (02H00 GMT del jueves), con el arbitraje del colombiano Wilmar Rold\u00e1n, asistido en las bandas por sus compatriotas Alexander Guzm\u00e1n y Wilmar Navarro.<\/p>\n<p>Probables alineaciones:<\/p>\n<p><strong>Per\u00fa<\/strong>: Pedro Gallese &#8211; Aldo Corozo, Christian Ramos, Alberto Rodr\u00edguez, Jair C\u00e9spedes &#8211; \u00d3scar V\u00edlchez, Renato Tapia &#8211; Christian Cueva, Yoshimar Yot\u00fan, Edison Flores &#8211; Paolo Guerrero. DT: Ricardo Gareca.<\/p>\n<p><strong>Ecuador<\/strong>: Esteban Dreer &#8211; Juan Carlos Paredes, Arturo Mina, Walter Ayov\u00ed, Gabriel Achilier &#8211; Jefferson Montero, Carlos Gruezo, Christian Noboa, Antonio Valencia &#8211; Miller Bola\u00f1os y Enner Valencia. DT: Gustavo Quinteros.<\/p>\n","protected":false},"excerpt":{"rendered":"<p>Per\u00fa, l\u00edder del Grupo B de la Copa Am\u00e9rica Centenario, y Ecuador, que sigue lament\u00e1ndose por el gol mal anulado ante Brasil, medir\u00e1n fuerzas hoy\u00a0en Glendale, Arizona, en un partido sin vuelta atr\u00e1s para el [&hellip;]<\/p>\n","protected":false},"author":1,"featured_media":1799,"comment_status":"closed","ping_status":"open","sticky":false,"template":"","format":"standard","meta":{"_acf_changed":false,"rank_math_lock_modified_date":false,"footnotes":""},"categories":[136],"tags":[13,20],"class_list":["post-296","post","type-post","status-publish","format-standard","has-post-thumbnail","hentry","category-noticertus","tag-copa-america","tag-deportes"],"acf":[],"_links":{"self":[{"href":"https:\/\/www.certus.edu.pe\/blog\/wp-json\/wp\/v2\/posts\/296"}],"collection":[{"href":"https:\/\/www.certus.edu.pe\/blog\/wp-json\/wp\/v2\/posts"}],"about":[{"href":"https:\/\/www.certus.edu.pe\/blog\/wp-json\/wp\/v2\/types\/post"}],"author":[{"embeddable":true,"href":"https:\/\/www.certus.edu.pe\/blog\/wp-json\/wp\/v2\/users\/1"}],"replies":[{"embeddable":true,"href":"https:\/\/www.certus.edu.pe\/blog\/wp-json\/wp\/v2\/comments?post=296"}],"version-history":[{"count":0,"href":"https:\/\/www.certus.edu.pe\/blog\/wp-json\/wp\/v2\/posts\/296\/revisions"}],"wp:featuredmedia":[{"embeddable":true,"href":"https:\/\/www.certus.edu.pe\/blog\/wp-json\/wp\/v2\/media\/1799"}],"wp:attachment":[{"href":"https:\/\/www.certus.edu.pe\/blog\/wp-json\/wp\/v2\/media?parent=296"}],"wp:term":[{"taxonomy":"category","embeddable":true,"href":"https:\/\/www.certus.edu.pe\/blog\/wp-json\/wp\/v2\/categories?post=296"},{"taxonomy":"post_tag","embeddable":true,"href":"https:\/\/www.certus.edu.pe\/blog\/wp-json\/wp\/v2\/tags?post=296"}],"curies":[{"name":"wp","href":"https:\/\/api.w.org\/{rel}","templated":true}]}}