{"id":2894,"date":"2019-04-29T22:02:31","date_gmt":"2019-04-29T22:02:31","guid":{"rendered":"https:\/\/www.certus.edu.pe\/blog\/?p=2894"},"modified":"2023-11-23T11:27:39","modified_gmt":"2023-11-23T16:27:39","slug":"tres-consejos-para-mejorar-tu-empleabilidad","status":"publish","type":"post","link":"https:\/\/www.certus.edu.pe\/blog\/tres-consejos-para-mejorar-tu-empleabilidad\/","title":{"rendered":"Tres consejos para mejorar tu empleabilidad"},"content":{"rendered":"<p><img loading=\"lazy\" decoding=\"async\" class=\"aligncenter wp-image-2895 size-full\" src=\"https:\/\/www.certus.edu.pe\/blog\/wp-content\/uploads\/2019\/04\/que-carreras-resultan-tener-mayor-empleabilidad.jpg\" alt=\"tres consejos para mejorar la empleabilidad de los profesionales t\u00e9cnicos\" width=\"712\" height=\"350\" srcset=\"https:\/\/www.certus.edu.pe\/blog\/wp-content\/uploads\/2019\/04\/que-carreras-resultan-tener-mayor-empleabilidad.jpg 712w, https:\/\/www.certus.edu.pe\/blog\/wp-content\/uploads\/2019\/04\/que-carreras-resultan-tener-mayor-empleabilidad-300x147.jpg 300w, https:\/\/www.certus.edu.pe\/blog\/wp-content\/uploads\/2019\/04\/que-carreras-resultan-tener-mayor-empleabilidad-600x295.jpg 600w, https:\/\/www.certus.edu.pe\/blog\/wp-content\/uploads\/2019\/04\/que-carreras-resultan-tener-mayor-empleabilidad-20x10.jpg 20w\" sizes=\"(max-width: 712px) 100vw, 712px\" \/><\/p>\n<p>Seg\u00fan el INEI, se estima que m\u00e1s de 22 millones de habitantes se encuentran en\u00a0<strong>edad de trabajar<\/strong>, incrementando la\u00a0competencia laboral.<\/p>\n<p>Adem\u00e1s se sabe que las\u00a0compa\u00f1\u00edas\u00a0buscan actualmente\u00a0<strong>perfiles profesionales<\/strong>\u00a0que ayuden a mejorar el\u00a0<strong>clima laboral<\/strong>\u00a0y la productividad.<\/p>\n<h2>Consejos<\/h2>\n<p>En este contexto, el Sub Gerente de Investigaci\u00f3n y Desarrollo Acad\u00e9mico de <a href=\"https:\/\/www.certus.edu.pe\">CERTUS<\/a>, Renzo Boggio, dio tres consejos para\u00a0<strong>mejorar la empleabilidad<\/strong>\u00a0de los<strong>\u00a0profesionales t\u00e9cnicos<\/strong>:<\/p>\n<p>1. Desarrollar\u00a0<strong>habilidades blandas<\/strong>: Desarrollar cualidades sociales, adaptabilidad, flexibilidad y aprendibilidad hace m\u00e1s atractivo el\u00a0<strong>perfil profesional<\/strong>.<\/p>\n<p>2. Especializare en \u00e1reas laborales de gran demanda: Se debe analizar el\u00a0<strong>mercado laboral<\/strong>\u00a0y elegir una carrera que tenga\u00a0<strong>alta demanda<\/strong>. De esa forma ser\u00e1 m\u00e1s f\u00e1cil conseguir un empleo.<\/p>\n<p>3. Adaptarse a la\u00a0<strong>transformaci\u00f3n digital<\/strong>: Es importante complementar los estudios con temas ligados a lo digital. Ya que muchas empresas est\u00e1n en camino hacia una\u00a0transformaci\u00f3n digital.<\/p>\n","protected":false},"excerpt":{"rendered":"<p>Seg\u00fan el INEI, se estima que m\u00e1s de 22 millones de habitantes se encuentran en\u00a0edad de trabajar, incrementando la\u00a0competencia laboral. Adem\u00e1s se sabe que las\u00a0compa\u00f1\u00edas\u00a0buscan actualmente\u00a0perfiles profesionales\u00a0que ayuden a mejorar el\u00a0clima laboral\u00a0y la productividad. Consejos [&hellip;]<\/p>\n","protected":false},"author":1,"featured_media":2896,"comment_status":"closed","ping_status":"open","sticky":false,"template":"","format":"standard","meta":{"_acf_changed":false,"rank_math_lock_modified_date":false,"footnotes":""},"categories":[170,155,157,136],"tags":[268,171,215,269,270,271],"class_list":["post-2894","post","type-post","status-publish","format-standard","has-post-thumbnail","hentry","category-empleabilidad","category-carreras","category-emprendimiento","category-noticertus","tag-consejos","tag-empleabilidad","tag-habilidades-blandas","tag-mercado-laboral","tag-profesional","tag-transformacion-digital"],"acf":[],"_links":{"self":[{"href":"https:\/\/www.certus.edu.pe\/blog\/wp-json\/wp\/v2\/posts\/2894"}],"collection":[{"href":"https:\/\/www.certus.edu.pe\/blog\/wp-json\/wp\/v2\/posts"}],"about":[{"href":"https:\/\/www.certus.edu.pe\/blog\/wp-json\/wp\/v2\/types\/post"}],"author":[{"embeddable":true,"href":"https:\/\/www.certus.edu.pe\/blog\/wp-json\/wp\/v2\/users\/1"}],"replies":[{"embeddable":true,"href":"https:\/\/www.certus.edu.pe\/blog\/wp-json\/wp\/v2\/comments?post=2894"}],"version-history":[{"count":0,"href":"https:\/\/www.certus.edu.pe\/blog\/wp-json\/wp\/v2\/posts\/2894\/revisions"}],"wp:featuredmedia":[{"embeddable":true,"href":"https:\/\/www.certus.edu.pe\/blog\/wp-json\/wp\/v2\/media\/2896"}],"wp:attachment":[{"href":"https:\/\/www.certus.edu.pe\/blog\/wp-json\/wp\/v2\/media?parent=2894"}],"wp:term":[{"taxonomy":"category","embeddable":true,"href":"https:\/\/www.certus.edu.pe\/blog\/wp-json\/wp\/v2\/categories?post=2894"},{"taxonomy":"post_tag","embeddable":true,"href":"https:\/\/www.certus.edu.pe\/blog\/wp-json\/wp\/v2\/tags?post=2894"}],"curies":[{"name":"wp","href":"https:\/\/api.w.org\/{rel}","templated":true}]}}