{"id":2680,"date":"2019-03-29T17:45:22","date_gmt":"2019-03-29T17:45:22","guid":{"rendered":"https:\/\/www.certus.edu.pe\/blog\/?p=2680"},"modified":"2023-11-25T11:43:51","modified_gmt":"2023-11-25T16:43:51","slug":"banbif-apuesta-por-egresados-certus-en-chiclayo","status":"publish","type":"post","link":"https:\/\/www.certus.edu.pe\/blog\/banbif-apuesta-por-egresados-certus-en-chiclayo\/","title":{"rendered":"BanBif apuesta por egresados CERTUS en Chiclayo"},"content":{"rendered":"<p>BanBif en alianza con CERTUS, realiz\u00f3 una charla laboral en la <a href=\"https:\/\/www.certus.edu.pe\/sede\/chiclayo\/\">sede Chiclayo<\/a>. Esta charla estuvo dirigida a los egresados de la carrera de <a href=\"https:\/\/www.certus.edu.pe\/carrera\/administracion-de-negocios-bancarios-y-financieros\/\">Administraci\u00f3n de Negocios Bancarios y Financieros<\/a>.<\/p>\n<p>El objetivo de la charla fue que los egresados de CERTUS postulen a la Escuela de Formaci\u00f3n de BanBif.<\/p>\n<p>El proceso de selecci\u00f3n se llevar\u00e1 a cabo en la ciudad de Chiclayo y los j\u00f3venes que queden seleccionados viajar\u00e1n a Lima para capacitarse en la Sede Principal de BanBif.<\/p>\n<p>Tras su formaci\u00f3n retornar\u00e1n a Chiclayo para ubicarse en las agencias asignadas.<\/p>\n<p>\u00a1\u00c9xitos para nuestros egresados CERTUS participantes!<\/p>\n","protected":false},"excerpt":{"rendered":"<p>BanBif en alianza con CERTUS, realiz\u00f3 una charla laboral en la sede Chiclayo. Esta charla estuvo dirigida a los egresados de la carrera de Administraci\u00f3n de Negocios Bancarios y Financieros. El objetivo de la charla [&hellip;]<\/p>\n","protected":false},"author":1,"featured_media":2682,"comment_status":"closed","ping_status":"open","sticky":false,"template":"","format":"standard","meta":{"_acf_changed":false,"rank_math_lock_modified_date":false,"footnotes":""},"categories":[136],"tags":[204,203,171,173,206,205],"class_list":["post-2680","post","type-post","status-publish","format-standard","has-post-thumbnail","hentry","category-noticertus","tag-banbif","tag-charla","tag-empleabilidad","tag-proceso-de-seleccion","tag-reclutamiento","tag-seleccion-laboral"],"acf":[],"_links":{"self":[{"href":"https:\/\/www.certus.edu.pe\/blog\/wp-json\/wp\/v2\/posts\/2680"}],"collection":[{"href":"https:\/\/www.certus.edu.pe\/blog\/wp-json\/wp\/v2\/posts"}],"about":[{"href":"https:\/\/www.certus.edu.pe\/blog\/wp-json\/wp\/v2\/types\/post"}],"author":[{"embeddable":true,"href":"https:\/\/www.certus.edu.pe\/blog\/wp-json\/wp\/v2\/users\/1"}],"replies":[{"embeddable":true,"href":"https:\/\/www.certus.edu.pe\/blog\/wp-json\/wp\/v2\/comments?post=2680"}],"version-history":[{"count":0,"href":"https:\/\/www.certus.edu.pe\/blog\/wp-json\/wp\/v2\/posts\/2680\/revisions"}],"wp:featuredmedia":[{"embeddable":true,"href":"https:\/\/www.certus.edu.pe\/blog\/wp-json\/wp\/v2\/media\/2682"}],"wp:attachment":[{"href":"https:\/\/www.certus.edu.pe\/blog\/wp-json\/wp\/v2\/media?parent=2680"}],"wp:term":[{"taxonomy":"category","embeddable":true,"href":"https:\/\/www.certus.edu.pe\/blog\/wp-json\/wp\/v2\/categories?post=2680"},{"taxonomy":"post_tag","embeddable":true,"href":"https:\/\/www.certus.edu.pe\/blog\/wp-json\/wp\/v2\/tags?post=2680"}],"curies":[{"name":"wp","href":"https:\/\/api.w.org\/{rel}","templated":true}]}}