{"id":25577,"date":"2022-08-23T11:35:06","date_gmt":"2022-08-23T16:35:06","guid":{"rendered":"https:\/\/www.certus.edu.pe\/blog\/?p=25577"},"modified":"2022-10-20T19:01:12","modified_gmt":"2022-10-21T00:01:12","slug":"postula-a-becas-avanza","status":"publish","type":"post","link":"https:\/\/www.certus.edu.pe\/blog\/postula-a-becas-avanza\/","title":{"rendered":"\u00a1Postula a Becas Avanza!"},"content":{"rendered":"<p>\u00a1Porqu\u00e9 queremos seguir fortaleciendo la educaci\u00f3n superior en todo el pa\u00eds, regresamos con nuestras Becas Avanza!<\/p>\n<p>Es momento de volver a reactivar miles de proyectos de vida, por eso nos unimos nuevamente con Latina Televisi\u00f3n y Empresarios por la Educaci\u00f3n para poner en marcha la segunda edici\u00f3n de Becas Avanza, una iniciativa que permitir\u00e1 a miles de j\u00f3venes, peruanos y extranjeros residentes, estudiar una carrera t\u00e9cnica y potenciar su futuro profesional.<\/p>\n<h2>\u00bfPorqu\u00e9 relanzamos Becas Avanza?<\/h2>\n<p>En un contexto donde la demanda de profesionales t\u00e9cnicos se ha incrementado en 95%, seg\u00fan INEI, Becas Avanza otorgar\u00e1 10 mil medias becas para el primer a\u00f1o de estudios en carreras t\u00e9cnicas de alta empleabilidad como: Administraci\u00f3n de Empresas, Negocios Internacionales, Gesti\u00f3n Comercial, Marketing, Gesti\u00f3n de Medios Digitales, Administraci\u00f3n Bancaria y Financiera, Contabilidad, Dise\u00f1o y Desarrollo de Software, Administraci\u00f3n de Sistemas, Publicidad y Dise\u00f1o Gr\u00e1fico.<\/p>\n<p><center><iframe loading=\"lazy\" title=\"Segunda convocatoria del programa &quot;Becas Avanza&quot; | Certus\" width=\"640\" height=\"480\" src=\"https:\/\/www.youtube.com\/embed\/6jus7HC1OW4?feature=oembed\" frameborder=\"0\" allow=\"accelerometer; autoplay; clipboard-write; encrypted-media; gyroscope; picture-in-picture; web-share\" referrerpolicy=\"strict-origin-when-cross-origin\" allowfullscreen><\/iframe><\/p>\n<p><\/center>Estas becas continuidad de estudios\u00a0sirven para que todo aquel joven que sue\u00f1e con alcanzar sus metas y no tiene los recursos suficientes. Estas becas Per\u00fa\u00a0surgen como iniciativa para impulsar el futuro profesional del pa\u00eds.<\/p>\n<p>Puedes inscribirte hasta el 26 de agosto, a trav\u00e9s de la p\u00e1gina oficial <a href=\"http:\/\/www.becasavanza.pe\" target=\"_blank\" rel=\"noopener\">www.becasavanza.pe<\/a>. Los requisitos son: ser mayor de 17 a\u00f1os, tener el certificado de estudios de secundaria completa o Resoluci\u00f3n de Convalidaci\u00f3n otorgada por el MINEDU (en caso de ciudadanos extranjeros) y principalmente no haber sido beneficiario del programa anteriormente.<\/p>\n<p>&nbsp;<\/p>\n<p>&nbsp;<\/p>\n<p>&nbsp;<\/p>\n","protected":false},"excerpt":{"rendered":"<p>\u00a1Porqu\u00e9 queremos seguir fortaleciendo la educaci\u00f3n superior en todo el pa\u00eds, regresamos con nuestras Becas Avanza! Es momento de volver a reactivar miles de proyectos de vida, por eso nos unimos nuevamente con Latina Televisi\u00f3n [&hellip;]<\/p>\n","protected":false},"author":1,"featured_media":25579,"comment_status":"closed","ping_status":"open","sticky":false,"template":"","format":"standard","meta":{"_acf_changed":false,"rank_math_lock_modified_date":false,"footnotes":""},"categories":[155],"tags":[],"class_list":["post-25577","post","type-post","status-publish","format-standard","has-post-thumbnail","hentry","category-carreras"],"acf":[],"_links":{"self":[{"href":"https:\/\/www.certus.edu.pe\/blog\/wp-json\/wp\/v2\/posts\/25577"}],"collection":[{"href":"https:\/\/www.certus.edu.pe\/blog\/wp-json\/wp\/v2\/posts"}],"about":[{"href":"https:\/\/www.certus.edu.pe\/blog\/wp-json\/wp\/v2\/types\/post"}],"author":[{"embeddable":true,"href":"https:\/\/www.certus.edu.pe\/blog\/wp-json\/wp\/v2\/users\/1"}],"replies":[{"embeddable":true,"href":"https:\/\/www.certus.edu.pe\/blog\/wp-json\/wp\/v2\/comments?post=25577"}],"version-history":[{"count":0,"href":"https:\/\/www.certus.edu.pe\/blog\/wp-json\/wp\/v2\/posts\/25577\/revisions"}],"wp:featuredmedia":[{"embeddable":true,"href":"https:\/\/www.certus.edu.pe\/blog\/wp-json\/wp\/v2\/media\/25579"}],"wp:attachment":[{"href":"https:\/\/www.certus.edu.pe\/blog\/wp-json\/wp\/v2\/media?parent=25577"}],"wp:term":[{"taxonomy":"category","embeddable":true,"href":"https:\/\/www.certus.edu.pe\/blog\/wp-json\/wp\/v2\/categories?post=25577"},{"taxonomy":"post_tag","embeddable":true,"href":"https:\/\/www.certus.edu.pe\/blog\/wp-json\/wp\/v2\/tags?post=25577"}],"curies":[{"name":"wp","href":"https:\/\/api.w.org\/{rel}","templated":true}]}}