{"id":22683,"date":"2021-12-30T17:48:56","date_gmt":"2021-12-30T22:48:56","guid":{"rendered":"https:\/\/www.certus.edu.pe\/blog\/?p=22683"},"modified":"2022-10-14T18:44:38","modified_gmt":"2022-10-14T23:44:38","slug":"2021-ano-de-hitos-empleabilidad","status":"publish","type":"post","link":"https:\/\/www.certus.edu.pe\/blog\/2021-ano-de-hitos-empleabilidad\/","title":{"rendered":"2021: A\u00f1o de hitos para la empleabilidad"},"content":{"rendered":"<p style=\"text-align: justify;\">El 2021 fue un a\u00f1o lleno de retos y oportunidades. El trabajo remoto y la virtualidad nos ha permitido enfocarnos en ofrecer nuevas herramientas para ayudar a nuestros estudiantes a insertarse en el mundo laboral. Hemos realizado diversas actividades para potenciar las competencias y habilidades de nuestros egresados. Acomp\u00e1\u00f1anos a conocer un resumen de los hitos m\u00e1s importantes de este a\u00f1o:<\/p>\n<div id=\"ez-toc-container\" class=\"ez-toc-v2_0_69_1 counter-hierarchy ez-toc-counter ez-toc-grey ez-toc-container-direction\">\n<p class=\"ez-toc-title\" style=\"cursor:inherit\">Tabla de Contenidos:<\/p>\n<label for=\"ez-toc-cssicon-toggle-item-69f3b4ee25c69\" class=\"ez-toc-cssicon-toggle-label\"><span class=\"\"><span class=\"eztoc-hide\" style=\"display:none;\">Toggle<\/span><span class=\"ez-toc-icon-toggle-span\"><svg style=\"fill: #999;color:#999\" xmlns=\"http:\/\/www.w3.org\/2000\/svg\" class=\"list-377408\" width=\"20px\" height=\"20px\" viewBox=\"0 0 24 24\" fill=\"none\"><path d=\"M6 6H4v2h2V6zm14 0H8v2h12V6zM4 11h2v2H4v-2zm16 0H8v2h12v-2zM4 16h2v2H4v-2zm16 0H8v2h12v-2z\" fill=\"currentColor\"><\/path><\/svg><svg style=\"fill: #999;color:#999\" class=\"arrow-unsorted-368013\" xmlns=\"http:\/\/www.w3.org\/2000\/svg\" width=\"10px\" height=\"10px\" viewBox=\"0 0 24 24\" version=\"1.2\" baseProfile=\"tiny\"><path d=\"M18.2 9.3l-6.2-6.3-6.2 6.3c-.2.2-.3.4-.3.7s.1.5.3.7c.2.2.4.3.7.3h11c.3 0 .5-.1.7-.3.2-.2.3-.5.3-.7s-.1-.5-.3-.7zM5.8 14.7l6.2 6.3 6.2-6.3c.2-.2.3-.5.3-.7s-.1-.5-.3-.7c-.2-.2-.4-.3-.7-.3h-11c-.3 0-.5.1-.7.3-.2.2-.3.5-.3.7s.1.5.3.7z\"\/><\/svg><\/span><\/span><\/label><input type=\"checkbox\"  id=\"ez-toc-cssicon-toggle-item-69f3b4ee25c69\"  aria-label=\"Toggle\" \/><nav><ul class='ez-toc-list ez-toc-list-level-1 ' ><li class='ez-toc-page-1 ez-toc-heading-level-2'><a class=\"ez-toc-link ez-toc-heading-1\" href=\"https:\/\/www.certus.edu.pe\/blog\/2021-ano-de-hitos-empleabilidad\/#Conexion-laboral\" title=\"Conexi\u00f3n laboral\">Conexi\u00f3n laboral<\/a><\/li><li class='ez-toc-page-1 ez-toc-heading-level-2'><a class=\"ez-toc-link ez-toc-heading-2\" href=\"https:\/\/www.certus.edu.pe\/blog\/2021-ano-de-hitos-empleabilidad\/#Carreras-para-Grandes\" title=\"Carreras para Grandes\">Carreras para Grandes<\/a><\/li><li class='ez-toc-page-1 ez-toc-heading-level-2'><a class=\"ez-toc-link ez-toc-heading-3\" href=\"https:\/\/www.certus.edu.pe\/blog\/2021-ano-de-hitos-empleabilidad\/#Dr-CV\" title=\"Dr. CV\">Dr. CV<\/a><\/li><li class='ez-toc-page-1 ez-toc-heading-level-2'><a class=\"ez-toc-link ez-toc-heading-4\" href=\"https:\/\/www.certus.edu.pe\/blog\/2021-ano-de-hitos-empleabilidad\/#Wacom-Academy\" title=\"Wacom Academy\">Wacom Academy<\/a><\/li><li class='ez-toc-page-1 ez-toc-heading-level-2'><a class=\"ez-toc-link ez-toc-heading-5\" href=\"https:\/\/www.certus.edu.pe\/blog\/2021-ano-de-hitos-empleabilidad\/#White-Rabbit\" title=\"White Rabbit\">White Rabbit<\/a><\/li><li class='ez-toc-page-1 ez-toc-heading-level-2'><a class=\"ez-toc-link ez-toc-heading-6\" href=\"https:\/\/www.certus.edu.pe\/blog\/2021-ano-de-hitos-empleabilidad\/#Finalistas-Soluciones-de-Mentes\" title=\"Finalistas Soluciones de Mentes\">Finalistas Soluciones de Mentes<\/a><\/li><li class='ez-toc-page-1 ez-toc-heading-level-2'><a class=\"ez-toc-link ez-toc-heading-7\" href=\"https:\/\/www.certus.edu.pe\/blog\/2021-ano-de-hitos-empleabilidad\/#Gerente-por-un-dia\" title=\"Gerente por un d\u00eda\">Gerente por un d\u00eda<\/a><\/li><li class='ez-toc-page-1 ez-toc-heading-level-2'><a class=\"ez-toc-link ez-toc-heading-8\" href=\"https:\/\/www.certus.edu.pe\/blog\/2021-ano-de-hitos-empleabilidad\/#Internacionalizacion-academica\" title=\"Internacionalizaci\u00f3n acad\u00e9mica\">Internacionalizaci\u00f3n acad\u00e9mica<\/a><\/li><li class='ez-toc-page-1 ez-toc-heading-level-2'><a class=\"ez-toc-link ez-toc-heading-9\" href=\"https:\/\/www.certus.edu.pe\/blog\/2021-ano-de-hitos-empleabilidad\/#Programa-%E2%80%9CFinanzas-para-microempresarios%E2%80%9D\" title=\"Programa \u201cFinanzas para microempresarios\u201d\">Programa \u201cFinanzas para microempresarios\u201d<\/a><\/li><li class='ez-toc-page-1 ez-toc-heading-level-2'><a class=\"ez-toc-link ez-toc-heading-10\" href=\"https:\/\/www.certus.edu.pe\/blog\/2021-ano-de-hitos-empleabilidad\/#Renovacion-de-la-biblioteca-digital\" title=\"Renovaci\u00f3n de la biblioteca digital\">Renovaci\u00f3n de la biblioteca digital<\/a><\/li><li class='ez-toc-page-1 ez-toc-heading-level-2'><a class=\"ez-toc-link ez-toc-heading-11\" href=\"https:\/\/www.certus.edu.pe\/blog\/2021-ano-de-hitos-empleabilidad\/#Semana-de-la-empleabilidad\" title=\"Semana de la empleabilidad\">Semana de la empleabilidad<\/a><\/li><\/ul><\/nav><\/div>\n<h2 style=\"text-align: justify;\"><span class=\"ez-toc-section\" id=\"Conexion-laboral\"><\/span>Conexi\u00f3n laboral<span class=\"ez-toc-section-end\"><\/span><\/h2>\n<p style=\"text-align: justify;\">En mayo se realiz\u00f3 el lanzamiento de Conexi\u00f3n Laboral, un portal de b\u00fasqueda de empleo, que fue trabajado junto a Bumeran con la finalidad de que los estudiantes de Certus puedan potenciar sus b\u00fasquedas de trabajo. En este espacio se pueden encontrar convocatorias actualizadas cada semana y los alumnos tienen la opci\u00f3n de filtrar sus b\u00fasquedas seg\u00fan el ciclo acad\u00e9mico en el que se encuentren.<\/p>\n<h2 style=\"text-align: justify;\"><span class=\"ez-toc-section\" id=\"Carreras-para-Grandes\"><\/span>Carreras para Grandes<span class=\"ez-toc-section-end\"><\/span><\/h2>\n<p style=\"text-align: justify;\">Creamos el Programa \u201cCarreras para Grandes\u201d, una nueva modalidad acad\u00e9mica enfocada en personas que se encuentran trabajando y quieren iniciar una carrera t\u00e9cnica que podr\u00e1n terminar en el plazo aproximado de 2 a\u00f1os. Te invitamos a conocer m\u00e1s aqu\u00ed: https:\/\/bit.ly\/3n3zp71<\/p>\n<h2 style=\"text-align: justify;\"><span class=\"ez-toc-section\" id=\"Dr-CV\"><\/span>Dr. CV<span class=\"ez-toc-section-end\"><\/span><\/h2>\n<p style=\"text-align: justify;\">Inauguramos la plataforma digital Dr. CV, un sistema gratuito que ayuda a potenciar en segundos la hoja de vida de nuestros estudiantes y egresados. Al insertar el curriculum vitae en esta herramienta se realiza un an\u00e1lisis con inteligencia artificial para luego, emitir un diagn\u00f3stico y brindar los puntos de mejora en legibilidad, extensi\u00f3n, ortograf\u00eda, uso de palabras claves, impacto de habilidades descritas, entre otros. Todos estos aspectos ayudar\u00e1n a mejorar el documento para poder captar la atenci\u00f3n y el inter\u00e9s de los reclutadores para poder conseguir empleo r\u00e1pidamente.<\/p>\n<h2 style=\"text-align: justify;\"><span class=\"ez-toc-section\" id=\"Wacom-Academy\"><\/span>Wacom Academy<span class=\"ez-toc-section-end\"><\/span><\/h2>\n<p style=\"text-align: justify;\">Invitamos a los estudiantes de las carreras creativas de Dise\u00f1o Gr\u00e1fico y Publicidad a participar en el Wacom Academy Fest 2021 realizado del 20 al 24 de septiembre. Diversos artistas y profesionales del arte compartieron sus conocimientos y conversaron sobre nuevas tendencias que fueron aprovechadas por los alumnos en talleres, conferencias y webinars.<\/p>\n<h2 style=\"text-align: justify;\"><span class=\"ez-toc-section\" id=\"White-Rabbit\"><\/span>White Rabbit<span class=\"ez-toc-section-end\"><\/span><\/h2>\n<p style=\"text-align: justify;\">El 14 de octubre realizamos la Primera Hackathon Interuniversitaria, NTT DATA Challenge 2021, organizada por Everis. El evento concluy\u00f3 con la satisfactoria participaci\u00f3n de nuestros estudiantes de las <a href=\"https:\/\/www.certus.edu.pe\/carreras\/\" target=\"_blank\" rel=\"noopener\">carreras de Tecnolog\u00eda<\/a>, quienes lograron ocupar el segundo lugar. El equipo de Certus, \u201cWhite Rabbit\u201d, estuvo integrado por Shirley Gonzales Palacios, l\u00edder del equipo, Kevin Josu\u00e9 Yaringa\u00f1o Yaringa\u00f1o, encargado del prototipado, Axl Martin Rubio T\u00e1vara, responsable de la programaci\u00f3n y nuestro docente Henry Villanueva Monrroy, quien ense\u00f1a Desarrollo y Soporte de Aplicaciones Multiplataforma. Su proyecto consisti\u00f3 en innovar la enciclopedia digital con contenido de la malla curricular del Estado Peruano para que pueda verse sin necesidad de una conexi\u00f3n a internet.<\/p>\n<h2 style=\"text-align: justify;\"><span class=\"ez-toc-section\" id=\"Finalistas-Soluciones-de-Mentes\"><\/span>Finalistas Soluciones de Mentes<span class=\"ez-toc-section-end\"><\/span><\/h2>\n<p style=\"text-align: justify;\">Nuestros estudiantes de 5to ciclo de la <a href=\"https:\/\/www.certus.edu.pe\/carrera\/administracion-de-empresas\/\" target=\"_blank\" rel=\"noopener\">carrera de Administraci\u00f3n de Empresas<\/a>, Nora Linares y Andres Ronceros, fueron finalistas de la competencia latinoamericana \u201cSoluciones De Mentes\u201d organizada por SocialLab. Ellos compitieron junto a otros 11 proyectos de instituciones educativas nacionales e internacionales de Chile, Colombia, Costa Rica y Panam\u00e1. Nuestros alumnos presentaron el Eco House Construction, un proyecto que busca reutilizar los residuos de construcci\u00f3n para obtener materiales de vivienda m\u00e1s accesibles.<\/p>\n<h2 style=\"text-align: justify;\"><span class=\"ez-toc-section\" id=\"Gerente-por-un-dia\"><\/span>Gerente por un d\u00eda<span class=\"ez-toc-section-end\"><\/span><\/h2>\n<p style=\"text-align: justify;\">Organizamos el concurso \u201cGerente por un d\u00eda\u201d dirigido a nuestros estudiantes de Administraci\u00f3n de Empresas de IV a VI ciclo, donde pusimos a prueba su capacidad de an\u00e1lisis, pensamiento estrat\u00e9gico y creatividad para el modelo de negocio de Madame Crepe. El primer lugar lo obtuvo el equipo &#8216;Sin Reblar&#8217; con su propuesta de valor de folletos para la percepci\u00f3n en la llegada del cliente. En segundo lugar fue para el equipo &#8216;Porter&#8217; con su proyecto de innovaci\u00f3n del producto color de la masa y nuevos ingredientes. Finalmente, en tercer lugar qued\u00f3 el equipo &#8216;Meraki&#8217; con su planificaci\u00f3n de experiencia de compra del cliente.<\/p>\n<h2 style=\"text-align: justify;\"><span class=\"ez-toc-section\" id=\"Internacionalizacion-academica\"><\/span>Internacionalizaci\u00f3n acad\u00e9mica<span class=\"ez-toc-section-end\"><\/span><\/h2>\n<p style=\"text-align: justify;\">Iniciamos una alianza con instituciones educativas internacionales como la Universidad Cooperativa de Colombia y la Corporaci\u00f3n Universitaria Minuto de Dios, que incluyen clases, charlas y talleres virtuales con ponentes extranjeros, con el objetivo de brindar espacios de capacitaci\u00f3n tanto para alumnos como para docentes.<\/p>\n<h2 style=\"text-align: justify;\"><span class=\"ez-toc-section\" id=\"Programa-%E2%80%9CFinanzas-para-microempresarios%E2%80%9D\"><\/span>Programa \u201cFinanzas para microempresarios\u201d<span class=\"ez-toc-section-end\"><\/span><\/h2>\n<p style=\"text-align: justify;\">Dirigimos el Programa de Finanzas para Microempresarios con la finalidad de que nuestros estudiantes, sus familiares y amigos puedan aprender herramientas financieras que les permitan impulsar el crecimiento de su negocio o emprendimiento.<\/p>\n<h2 style=\"text-align: justify;\"><span class=\"ez-toc-section\" id=\"Renovacion-de-la-biblioteca-digital\"><\/span>Renovaci\u00f3n de la biblioteca digital<span class=\"ez-toc-section-end\"><\/span><\/h2>\n<p style=\"text-align: justify;\">Con el objetivo de ayudar a impulsar las herramientas y habilidades de nuestros estudiantes y las competencias de los egresados potenciamos las herramientas de EBSCO eBooks (acceso a m\u00e1s de 220 libros digitales de negocios, emprendimiento, innovaci\u00f3n, contabilidad, entre otros), Flipster (acceso a revistas especializadas en sistemas, tecnolog\u00eda, creatividad, dise\u00f1o y publicidad) y EBSCO host (acceso a m\u00e1s de un mill\u00f3n de art\u00edculos de Harvard Business Review, videos de negocios, innovaci\u00f3n, emprendimiento y otros).<\/p>\n<h2 style=\"text-align: justify;\"><span class=\"ez-toc-section\" id=\"Semana-de-la-empleabilidad\"><\/span>Semana de la empleabilidad<span class=\"ez-toc-section-end\"><\/span><\/h2>\n<p style=\"text-align: justify;\">En noviembre organizamos la Semana de la Empleabilidad, evento que cont\u00f3 con la participaci\u00f3n de m\u00e1s de 30 empresas del mercado tales como Backus, Nestl\u00e9, Entel, Interbank, BCP, Scotiabank, Contacto, BanBif, Adecco, Compartamos Financiera, entre otras. Las organizaciones brindaron m\u00e1s de 30 sesiones de talleres de empleabilidad con la finalidad de crear nuevas competencias en nuestros estudiantes y egresados para que puedan insertarse r\u00e1pidamente en el mercado laboral.<span style=\"font-size: 1rem;\">\u00a0<\/span><\/p>\n<p style=\"text-align: justify;\">El 2021 ha sido un gran a\u00f1o para nosotros. En Certus queremos seguir desarrollando tus habilidades a fin de que puedas explotar todo el potencial que hay en ti. Adem\u00e1s, este 2022 trabajaremos en m\u00e1s proyectos y actividades para enfrentar nuevos retos y seguir guiando a nuestros estudiantes y egresados en su camino al \u00e9xito profesional.<\/p>\n<p>&nbsp;<\/p>\n<p><a href=\"https:\/\/www.certus.edu.pe\/carrera\/administracion-de-negocios-internacionales\/\" target=\"_blank\" rel=\"noopener\"><img loading=\"lazy\" decoding=\"async\" class=\"aligncenter wp-image-22643 size-full\" src=\"https:\/\/www.certus.edu.pe\/blog\/wp-content\/uploads\/2021\/12\/negocios-internaciones-banner-dic-2021.png\" alt=\"\" width=\"721\" height=\"221\" srcset=\"https:\/\/www.certus.edu.pe\/blog\/wp-content\/uploads\/2021\/12\/negocios-internaciones-banner-dic-2021.png 721w, https:\/\/www.certus.edu.pe\/blog\/wp-content\/uploads\/2021\/12\/negocios-internaciones-banner-dic-2021-300x92.png 300w, https:\/\/www.certus.edu.pe\/blog\/wp-content\/uploads\/2021\/12\/negocios-internaciones-banner-dic-2021-600x184.png 600w\" sizes=\"(max-width: 721px) 100vw, 721px\" \/><\/a><\/p>\n","protected":false},"excerpt":{"rendered":"<p>El 2021 fue un a\u00f1o lleno de retos y oportunidades. El trabajo remoto y la virtualidad nos ha permitido enfocarnos en ofrecer nuevas herramientas para ayudar a nuestros estudiantes a insertarse en el mundo laboral. [&hellip;]<\/p>\n","protected":false},"author":1,"featured_media":22685,"comment_status":"closed","ping_status":"open","sticky":false,"template":"","format":"standard","meta":{"_acf_changed":false,"rank_math_lock_modified_date":false,"footnotes":""},"categories":[155,406,136],"tags":[],"class_list":["post-22683","post","type-post","status-publish","format-standard","has-post-thumbnail","hentry","category-carreras","category-certificaciones","category-noticertus"],"acf":[],"_links":{"self":[{"href":"https:\/\/www.certus.edu.pe\/blog\/wp-json\/wp\/v2\/posts\/22683"}],"collection":[{"href":"https:\/\/www.certus.edu.pe\/blog\/wp-json\/wp\/v2\/posts"}],"about":[{"href":"https:\/\/www.certus.edu.pe\/blog\/wp-json\/wp\/v2\/types\/post"}],"author":[{"embeddable":true,"href":"https:\/\/www.certus.edu.pe\/blog\/wp-json\/wp\/v2\/users\/1"}],"replies":[{"embeddable":true,"href":"https:\/\/www.certus.edu.pe\/blog\/wp-json\/wp\/v2\/comments?post=22683"}],"version-history":[{"count":0,"href":"https:\/\/www.certus.edu.pe\/blog\/wp-json\/wp\/v2\/posts\/22683\/revisions"}],"wp:featuredmedia":[{"embeddable":true,"href":"https:\/\/www.certus.edu.pe\/blog\/wp-json\/wp\/v2\/media\/22685"}],"wp:attachment":[{"href":"https:\/\/www.certus.edu.pe\/blog\/wp-json\/wp\/v2\/media?parent=22683"}],"wp:term":[{"taxonomy":"category","embeddable":true,"href":"https:\/\/www.certus.edu.pe\/blog\/wp-json\/wp\/v2\/categories?post=22683"},{"taxonomy":"post_tag","embeddable":true,"href":"https:\/\/www.certus.edu.pe\/blog\/wp-json\/wp\/v2\/tags?post=22683"}],"curies":[{"name":"wp","href":"https:\/\/api.w.org\/{rel}","templated":true}]}}