{"id":170,"date":"2016-02-25T16:02:28","date_gmt":"2016-02-25T16:02:28","guid":{"rendered":"http:\/\/ifbcertus.edu.pe\/blog\/?p=170"},"modified":"2023-11-23T11:35:31","modified_gmt":"2023-11-23T16:35:31","slug":"melgar-cayo-1-0-en-chile-con-colo-colo-por-las-copa-libertadores","status":"publish","type":"post","link":"https:\/\/www.certus.edu.pe\/blog\/melgar-cayo-1-0-en-chile-con-colo-colo-por-las-copa-libertadores\/","title":{"rendered":"Melgar cay\u00f3 1-0 en chile con Colo Colo por las Copa Libertadores"},"content":{"rendered":"<p>&nbsp;<\/p>\n<p>Con un solitario gol de Esteban Paredes, Colo Colo derrot\u00f3 por 1-0 al peruano Melgar en un encuentro disputado este mi\u00e9rcoles en el Santiago de Chile, un trabajoso triunfo que elev\u00f3 al &#8216;Cacique&#8217; a la cima del Grupo 5 de la Copa Libertadores.<\/p>\n<p>El duelo entre los \u00faltimos campeones de Chile y Per\u00fa se resolvi\u00f3 a los 64 minutos con una precisa definici\u00f3n de Paredes, autor de los dos tantos de Colo Colo en esta edici\u00f3n de la Copa Libertadores.<\/p>\n<p>anotaci\u00f3n desbarat\u00f3 el cerrojo defensivo propuesto por Melgar, que se mostr\u00f3 efectivo en defensa, con el destaque de su guardameta Daniel Ferreyra, pero fall\u00f3 a la hora de mostrar en ataque la ambici\u00f3n necesaria para golpear de visita en el m\u00e1ximo torneo continental.<\/p>\n<p>Con el triunfo, el &#8216;Cacique&#8217; chileno suma cuatro puntos, uno por encima de Atl\u00e9tico Mineiro, que esta noche enfrenta en Brasil a Independiente del Valle de Ecuador, que tiene una unidad, mientras que Melgar cierra la serie en blanco.<\/p>\n","protected":false},"excerpt":{"rendered":"<p>&nbsp; Con un solitario gol de Esteban Paredes, Colo Colo derrot\u00f3 por 1-0 al peruano Melgar en un encuentro disputado este mi\u00e9rcoles en el Santiago de Chile, un trabajoso triunfo que elev\u00f3 al &#8216;Cacique&#8217; a [&hellip;]<\/p>\n","protected":false},"author":1,"featured_media":1785,"comment_status":"closed","ping_status":"open","sticky":false,"template":"","format":"standard","meta":{"_acf_changed":false,"rank_math_lock_modified_date":false,"footnotes":""},"categories":[136],"tags":[8,9],"class_list":["post-170","post","type-post","status-publish","format-standard","has-post-thumbnail","hentry","category-noticertus","tag-libertadores","tag-melgar"],"acf":[],"_links":{"self":[{"href":"https:\/\/www.certus.edu.pe\/blog\/wp-json\/wp\/v2\/posts\/170"}],"collection":[{"href":"https:\/\/www.certus.edu.pe\/blog\/wp-json\/wp\/v2\/posts"}],"about":[{"href":"https:\/\/www.certus.edu.pe\/blog\/wp-json\/wp\/v2\/types\/post"}],"author":[{"embeddable":true,"href":"https:\/\/www.certus.edu.pe\/blog\/wp-json\/wp\/v2\/users\/1"}],"replies":[{"embeddable":true,"href":"https:\/\/www.certus.edu.pe\/blog\/wp-json\/wp\/v2\/comments?post=170"}],"version-history":[{"count":0,"href":"https:\/\/www.certus.edu.pe\/blog\/wp-json\/wp\/v2\/posts\/170\/revisions"}],"wp:featuredmedia":[{"embeddable":true,"href":"https:\/\/www.certus.edu.pe\/blog\/wp-json\/wp\/v2\/media\/1785"}],"wp:attachment":[{"href":"https:\/\/www.certus.edu.pe\/blog\/wp-json\/wp\/v2\/media?parent=170"}],"wp:term":[{"taxonomy":"category","embeddable":true,"href":"https:\/\/www.certus.edu.pe\/blog\/wp-json\/wp\/v2\/categories?post=170"},{"taxonomy":"post_tag","embeddable":true,"href":"https:\/\/www.certus.edu.pe\/blog\/wp-json\/wp\/v2\/tags?post=170"}],"curies":[{"name":"wp","href":"https:\/\/api.w.org\/{rel}","templated":true}]}}